{"id":6,"date":"2020-06-20T20:59:00","date_gmt":"2020-06-20T18:59:00","guid":{"rendered":"http:\/\/mywandern.net\/?p=6"},"modified":"2020-07-12T17:12:30","modified_gmt":"2020-07-12T15:12:30","slug":"erlebnispfad-um-die-windraeder-am-knippen","status":"publish","type":"post","link":"https:\/\/mywandern.net\/index.php\/2020\/06\/20\/erlebnispfad-um-die-windraeder-am-knippen\/","title":{"rendered":"Erlebnispfad um die Windr\u00e4der am Knippen"},"content":{"rendered":"\n<p>Manche finden sie majest\u00e4tisch, andere w\u00fcrden sie am liebsten verschwinden lassen: Drei Windr\u00e4der stehen zwischen L\u00f6ffelberg und H\u00fchnerkamp und bilden den Windpark Knippen. In dieser Tour umrunden wir den Windpark und entdecken auf dem Weg spannende Relikte aus der Vergangenheit.<\/p>\n\n\n\n<p>Unsere Tour folgt zun\u00e4chst dem Siegerl\u00e4nder H\u00f6henring in Richtung Hohenhain. Vor Hohenhain folgen wir der \u201eAlten Landstrasse\u201c und wechseln in Hohenhain auf den&nbsp; gut ausgeschilderten Freudenberger Fachwerkweg, dem wir bis kurz vor B\u00fcschergrund folgen. Die Tour hat einige Highlights, die wir hier kurz beschreiben:<\/p>\n\n\n\n<p><strong>Tiergehege<\/strong><br>Wenn wir den Aufstieg zum H\u00f6henring fast geschafft haben, tauchen mitten im Wald pl\u00f6tzlich merkw\u00fcrdige Tierger\u00e4usche auf. Am Rande des Tals, unterhalb des Weges, befindet sich ein Gatter mit Rehen, Pfauen und sonstigen Tieren. Es ist schon imposant wenn der Pfau sein prachtvolles Federrad zeigt.<\/p>\n\n\n\n<p><strong>Windr\u00e4der<\/strong><br>Seit Juli 2018 drehen sich die drei Anlagen des umstrittenen Windparks Knippen. Auf unserem Weg tauchen die imposanten Bauwerke immer wieder \u00fcber den Baumkronen auf. Wer sich eine solche Anlage aus der N\u00e4he anschauen m\u00f6chte, kann an der Kreuzung bei km 5,4, wo wir den H\u00f6henring verlassen und der \u201eAlten Landstrasse\u201c weiter folgen, einen kurzen Abstecher nach links machen.&nbsp; Nach einigen Metern steht man am Fu\u00dfe der dritten Anlage des Parks.<\/p>\n\n\n\n<p><strong>Die \u201eNassau-Siegensche Kandhecke\u201c im Bereich H\u00fchnerkamp: \u201eDreiherrenstein\u201c<\/strong><br>Der Dreiherrenschein am H\u00fchnerkamp steht als historischer Grenzstein im Schnittpunkt der Grenzen der ehemaligen Herrschaft Wildenburg (heute: u.a. Ortsgemeinde Friesenhagen), des kurk\u00f6lnischen Herzogtums Westfalen (heute: Kreis Olpe, HSK und teilweise SO) und des fr\u00fcheren F\u00fcrstentums Nassau-Siegen (heute: Altkreis Siegen) und kommt hierdurch zu seinem Namen. Er steht auch heute noch an der gemeinsamen Grenze der Kreise Olpe, Altenkirchen und Siegen-Wittgenstein.<\/p>\n\n\n\n<p>Die erste Erw\u00e4hnung eines Grenzsteines an dieser Stelle datiert aus dem Jahre 1608 anl\u00e4ssig einer Grenzbesichtigung.<\/p>\n\n\n\n<p>Auf Grund der Grenzvereinbarung zwischen den kurk\u00f6lnischen Herzogtum Westfalen (CCOL) und dem F\u00fcrstentum Nassau-Siegen (NAS) im Jahre 1688 wurde dieser Grenzstein als einer der letzten bei der Zinse (Wittgenstein) beginnenden Grenze (\u201eK\u00f6lsches Heck\u201c) im Jahr 1690 gesetzt.<\/p>\n\n\n\n<p>Die Steine wurden mit den Buchstaben des Alphabetes gekennzeichnet, zun\u00e4chst von a-z, dann von AA-PP.<\/p>\n\n\n\n<p>Dieser Stein ist mit PP gekennzeichnet.<br>CCOL = Chur-C\u00f6ln<br>NAS = Nassau-Siegen<\/p>\n\n\n\n<p><strong>Bahnstrecke Freudenberg-Rothem\u00fchle<\/strong><br>Von Olpe bis Rothem\u00fchle fuhr die Eisenbahn schon seit 1880, acht Jahre sp\u00e4ter auch von Kirchen bis Freudenberg. Nach langem Warten auf den Durchbau bis Rothem\u00fchle war es am 31. Oktober 1907 endlich soweit: Das 10 km lange Teilst\u00fcck von Freudenberg \u00fcber Hohenhain nach Rothem\u00fchle wurde feierlich er\u00f6ffnet und damit der lang ersehnte L\u00fcckenschluss der Nebenstecke Nr. 56 Kichen-Finnentrop vollzogen.<\/p>\n\n\n\n<p>Der urspr\u00fcnglich geplante Verlauf \u00fcber B\u00fcschergrund und H\u00fcnsborn nach Rothem\u00fchle wurde von einigen Freudenberger Unternehmern aus privaten Interessen verhindert.<\/p>\n\n\n\n<p>Schlie\u00dflich konnte die alternative Linienf\u00fchrung \u00fcber Hohenhain und durch das benachbarte Wildenburger Land verwirklicht werden &#8211; allerdings nicht ohne erhebliche Eingriffe in die Landschaft.&nbsp; Das bergige und zerkl\u00fcftete Gel\u00e4nde macht hohe Dammaufsch\u00fcttungen, tiefe Felseinschnitte und den Bau eines Tunnels erforderlich. Rund 400 Arbeiter, gr\u00f6\u00dftenteils Italiener und Kroaten, waren im Einsatz, um die gewaltigen Erdmassen zu bewegen.<\/p>\n\n\n\n<p>Die gr\u00f6\u00dfte Herausforderung war dabei der Bau des Hohenhainer Tunnels. Im Juli 1906 wurde mit den Arbeiten von Freudenberger Seite her begonnen. Ende Mai 1907 war der Tunnel fertig gestellt. Mit 396 Meter galt er als der l\u00e4ngste Eisenbahntunnel in der damaligen preu\u00dfischen Provinz Westfalen.<\/p>\n\n\n\n<p>Am 28. Mai 1983 verlie\u00df der letzte fahrplanm\u00e4\u00dfige Schienenbus um 8:35 Uhr den Hohenhainer Bahnhof.<\/p>\n\n\n\n<p><strong>Eisenverh\u00fcttungsplatz<\/strong><br>In der Gemarkung Freudenberg wurden insgesamt 14 Eisenverh\u00fcttungspl\u00e4tze gefunden. Ihr Alter reicht von der La-T\u00e8ne-Zeit bis zum fr\u00fchen Mittelalter, wie bei dem Verh\u00fcttungsofen den wir am Wegrand bestaunen k\u00f6nnen, aus dem 7.\/8. Jahrhundert. Er wurde im Jahr 1956 rekonstruiert. Fr\u00fcher wurde er mit Hilfe eines Blasebalges auf die Schmelztemperatur f\u00fcr ger\u00f6steten Eisenstein von 1100 bis 1200 Grad erhitzt. Die \u00e4lteren \u00d6fen aus der La-T\u00e8ne-Zeit (500 vor bis 200 nach Christus) waren dagegen in die B\u00f6schungen der engen Seifen eingebaut und wurde durch die Kaminwirkung der steilen und engen Schluchten auf die erforderlichen Temperaturen gebracht.<\/p>\n\n\n\n<p><strong>Details<\/strong><\/p>\n\n\n\n<figure class=\"wp-block-table\"><table class=\"has-subtle-pale-green-background-color has-background\"><tbody><tr><td>Schwierigkeit<\/td><td>leicht<\/td><\/tr><tr><td>Kondition<\/td><td><img loading=\"lazy\" decoding=\"async\" width=\"20\" height=\"25\" class=\"wp-image-301\" style=\"width: 20px;\" src=\"http:\/\/mywandern.net\/wp-content\/uploads\/2020\/07\/wanderer_blau.png\" alt=\"\"><img decoding=\"async\" src=\"http:\/\/mywandern.net\/wp-content\/uploads\/2020\/07\/wanderer_blau.png\" alt=\"\"><img loading=\"lazy\" decoding=\"async\" width=\"20\" height=\"25\" class=\"wp-image-298\" style=\"width: 20px;\" src=\"http:\/\/mywandern.net\/wp-content\/uploads\/2020\/07\/wanderer_grau.png\" alt=\"\"><img decoding=\"async\" src=\"http:\/\/mywandern.net\/wp-content\/uploads\/2020\/07\/wanderer_grau.png\" alt=\"\"><img decoding=\"async\" src=\"http:\/\/mywandern.net\/wp-content\/uploads\/2020\/07\/wanderer_grau.png\" alt=\"\"><\/td><\/tr><tr><td>Erlebnis<\/td><td><img decoding=\"async\" src=\"http:\/\/mywandern.net\/wp-content\/uploads\/2020\/07\/wanderer_blau.png\" alt=\"\"><img decoding=\"async\" src=\"http:\/\/mywandern.net\/wp-content\/uploads\/2020\/07\/wanderer_blau.png\" alt=\"\"><img decoding=\"async\" src=\"http:\/\/mywandern.net\/wp-content\/uploads\/2020\/07\/wanderer_blau.png\" alt=\"\"><img decoding=\"async\" src=\"http:\/\/mywandern.net\/wp-content\/uploads\/2020\/07\/wanderer_blau.png\" alt=\"\"><img decoding=\"async\" src=\"http:\/\/mywandern.net\/wp-content\/uploads\/2020\/07\/wanderer_grau.png\" alt=\"\"><\/td><\/tr><tr><td>Landschaft<\/td><td><img decoding=\"async\" src=\"http:\/\/mywandern.net\/wp-content\/uploads\/2020\/07\/wanderer_blau.png\" alt=\"\"><img decoding=\"async\" src=\"http:\/\/mywandern.net\/wp-content\/uploads\/2020\/07\/wanderer_blau.png\" alt=\"\"><img decoding=\"async\" src=\"http:\/\/mywandern.net\/wp-content\/uploads\/2020\/07\/wanderer_blau.png\" alt=\"\"><img decoding=\"async\" src=\"http:\/\/mywandern.net\/wp-content\/uploads\/2020\/07\/wanderer_blau.png\" alt=\"\"><img decoding=\"async\" src=\"http:\/\/mywandern.net\/wp-content\/uploads\/2020\/07\/wanderer_grau.png\" alt=\"\"><\/td><\/tr><tr><td>Technik<\/td><td><img decoding=\"async\" src=\"http:\/\/mywandern.net\/wp-content\/uploads\/2020\/07\/wanderer_blau.png\" alt=\"\"><img decoding=\"async\" src=\"http:\/\/mywandern.net\/wp-content\/uploads\/2020\/07\/wanderer_grau.png\" alt=\"\"><img decoding=\"async\" src=\"http:\/\/mywandern.net\/wp-content\/uploads\/2020\/07\/wanderer_grau.png\" alt=\"\"><img decoding=\"async\" src=\"http:\/\/mywandern.net\/wp-content\/uploads\/2020\/07\/wanderer_grau.png\" alt=\"\"><img decoding=\"async\" src=\"http:\/\/mywandern.net\/wp-content\/uploads\/2020\/07\/wanderer_grau.png\" alt=\"\"><\/td><\/tr><tr><td>Strecke<\/td><td>11,6 km<\/td><\/tr><tr><td>Dauer<\/td><td>3:08h<\/td><\/tr><tr><td>H\u00f6henmeter<\/td><td>206 m<\/td><\/tr><tr><td>Rundweg<\/td><td>ja<\/td><\/tr><tr><td>Bewertung<\/td><td><img decoding=\"async\" src=\"http:\/\/mywandern.net\/wp-content\/uploads\/2020\/07\/wanderer_blau.png\" alt=\"\"><img decoding=\"async\" src=\"http:\/\/mywandern.net\/wp-content\/uploads\/2020\/07\/wanderer_blau.png\" alt=\"\"><img decoding=\"async\" src=\"http:\/\/mywandern.net\/wp-content\/uploads\/2020\/07\/wanderer_blau.png\" alt=\"\"><img decoding=\"async\" src=\"http:\/\/mywandern.net\/wp-content\/uploads\/2020\/07\/wanderer_blau.png\" alt=\"\"><img decoding=\"async\" src=\"http:\/\/mywandern.net\/wp-content\/uploads\/2020\/07\/wanderer_blau.png\" alt=\"\"><\/td><\/tr><tr><td>Kalorienverbrauch<\/td><td>951 Kcal<\/td><\/tr><\/tbody><\/table><\/figure>\n\n\n\n<p><strong>Wegbeschreibung<\/strong><br>Wir starten unsere Wanderung an der Osterbergschule in B\u00fcschergrund Freudenberg. Zun\u00e4chst geht es bergauf zum Siegerland-H\u00f6henring, beschrieben mit (1). Auf dem Weg findet sich rechts im Tal ein Wildtiergehege mit u.a. Pfauen.<\/p>\n\n\n\n<p>Dem H\u00f6henring folgen wir bis zu einer gr\u00f6\u00dferen Kreuzung bei&nbsp; Km 5,4 und folgen der \u201eAlten Landstrasse\u201c, gekennzeichnet mit einem Rechteck (<strong>&#8211;<\/strong>).<\/p>\n\n\n\n<p>Auf der linken Seite thronen immer wieder die Rotoren der Windr\u00e4der. Wer sich eine solche Anlage aus der N\u00e4he anschauen m\u00f6chte, kann an der Kreuzung bei km 5,4, wo wir den H\u00f6henring verlassen und der \u201eAlten Landstrasse\u201c weiter folgen, einen kurzen Abstecher nach links machen.&nbsp; Nach einigen Metern steht man am Fu\u00dfe der dritten Anlage des Parks.<\/p>\n\n\n\n<p>Weiter auf der \u201eAlten Landstrasse\u201c sehen wir den Dreiherrenstein.<\/p>\n\n\n\n<p>Vor Hohenhain gehen wir entlang eines Feldweges bergab, am Englischen Biergarten vorbei und folgen dem Fachwerkweg (Kreis mit Welle drin).<\/p>\n\n\n\n<p>Wir gehen zun\u00e4chst auf dem alten Bahnbett und finden uns vor dem Eingang eines stillgelegten Eisenbahntunnels wieder. Diesen fast 400m langen Tunnel folgen wir.<\/p>\n\n\n\n<p>Nach einiger Zeit bringt uns der Fachwerkweg vom Gleisbett herunter auf einen Schotterweg. Dieser leitet uns vorbei an einem historischen Nachbau eines Eisenverh\u00fcttungsplatzes.<\/p>\n\n\n\n<p>Kurz vor B\u00fcschergrund verlassen wir den Fachwerkweg und gehen durch die Felder, vobei am&nbsp;&#8222;Gripfelkreuz&#8220; zur\u00fcck zur Osterbergschule.<\/p>\n\n\n\n<p><\/p>\n\n\n\n<p><strong>Start:<\/strong> <br>Osterbergschule B\u00fcschergrund, Freudenberg (313 m)<br>Koordinaten:<br>Geographisch 50.913143, 7.890451<br>UTM 32U 421999 5640752<\/p>\n\n\n\n<p><strong>Ziel:<\/strong><br>Osterbergschule B\u00fcschergrund, Freudenberg<\/p>\n\n\n\n<p><strong>Anfahrt, Parken, \u00d6ffentliche Verkehrsmittel<\/strong><br>\u00dcber die A 45 Anschlussstelle Freudenberg, dann Richtung Freudenberg. Im Kreisel die erste Abfahrt Richtung Olpe.<br>Wir biegen die zweite Rechts ab und sehen auf der rechten Seite die Osterbergschule.<br><br>An der Osterbergschule, an der am Wochenende reichlich Parkm\u00f6glichkeiten zur Verf\u00fcgung stehen.<br><br>Mit Bahn und Bus erreichbar bis Siegen, von dort mit dem \u00d6PNV nach Freudenberg, Haltestelle B\u00fcschen.<\/p>\n\n\n\n<p><strong>Karte<\/strong><\/p>\n\n\n\n<script type=\"text\/javascript\" src=\"https:\/\/www.outdooractive.com\/de\/embed\/168142087\/js?mw=false\"><\/script>\n\n\n\n<p><strong>Weitere Infos<\/strong><\/p>\n\n\n\n<p>Links, etc<\/p>\n\n\n\n<p><strong>Bilder<\/strong><\/p>\n\n\n\n<figure class=\"wp-block-gallery columns-3 is-cropped wp-block-gallery-1 is-layout-flex wp-block-gallery-is-layout-flex\"><ul class=\"blocks-gallery-grid\"><li class=\"blocks-gallery-item\"><figure><a href=\"http:\/\/mywandern.net\/wp-content\/uploads\/2020\/07\/IMG_3660.jpg\"><img loading=\"lazy\" decoding=\"async\" width=\"768\" height=\"1024\" src=\"http:\/\/mywandern.net\/wp-content\/uploads\/2020\/07\/IMG_3660-768x1024.jpg\" alt=\"\" data-id=\"140\" data-full-url=\"http:\/\/mywandern.net\/wp-content\/uploads\/2020\/07\/IMG_3660.jpg\" data-link=\"http:\/\/mywandern.net\/index.php\/2020\/07\/03\/erlebnispfad-um-die-windraeder-am-knippen\/img_3660\/\" class=\"wp-image-140\" srcset=\"https:\/\/mywandern.net\/wp-content\/uploads\/2020\/07\/IMG_3660-768x1024.jpg 768w, https:\/\/mywandern.net\/wp-content\/uploads\/2020\/07\/IMG_3660-225x300.jpg 225w, https:\/\/mywandern.net\/wp-content\/uploads\/2020\/07\/IMG_3660-1152x1536.jpg 1152w, https:\/\/mywandern.net\/wp-content\/uploads\/2020\/07\/IMG_3660-45x60.jpg 45w, https:\/\/mywandern.net\/wp-content\/uploads\/2020\/07\/IMG_3660.jpg 1200w\" sizes=\"auto, (max-width: 768px) 100vw, 768px\" \/><\/a><\/figure><\/li><li class=\"blocks-gallery-item\"><figure><a href=\"http:\/\/mywandern.net\/wp-content\/uploads\/2020\/07\/IMG_3657.jpg\"><img loading=\"lazy\" decoding=\"async\" width=\"768\" height=\"1024\" src=\"http:\/\/mywandern.net\/wp-content\/uploads\/2020\/07\/IMG_3657-768x1024.jpg\" alt=\"\" data-id=\"141\" data-full-url=\"http:\/\/mywandern.net\/wp-content\/uploads\/2020\/07\/IMG_3657.jpg\" data-link=\"http:\/\/mywandern.net\/index.php\/2020\/07\/03\/erlebnispfad-um-die-windraeder-am-knippen\/img_3657\/\" class=\"wp-image-141\" srcset=\"https:\/\/mywandern.net\/wp-content\/uploads\/2020\/07\/IMG_3657-768x1024.jpg 768w, https:\/\/mywandern.net\/wp-content\/uploads\/2020\/07\/IMG_3657-225x300.jpg 225w, https:\/\/mywandern.net\/wp-content\/uploads\/2020\/07\/IMG_3657-1152x1536.jpg 1152w, https:\/\/mywandern.net\/wp-content\/uploads\/2020\/07\/IMG_3657-45x60.jpg 45w, https:\/\/mywandern.net\/wp-content\/uploads\/2020\/07\/IMG_3657.jpg 1200w\" sizes=\"auto, (max-width: 768px) 100vw, 768px\" \/><\/a><\/figure><\/li><li class=\"blocks-gallery-item\"><figure><a href=\"http:\/\/mywandern.net\/wp-content\/uploads\/2020\/07\/IMG_3658.jpg\"><img loading=\"lazy\" decoding=\"async\" width=\"768\" height=\"1024\" src=\"http:\/\/mywandern.net\/wp-content\/uploads\/2020\/07\/IMG_3658-768x1024.jpg\" alt=\"\" data-id=\"142\" data-full-url=\"http:\/\/mywandern.net\/wp-content\/uploads\/2020\/07\/IMG_3658.jpg\" data-link=\"http:\/\/mywandern.net\/index.php\/2020\/07\/03\/erlebnispfad-um-die-windraeder-am-knippen\/img_3658\/\" class=\"wp-image-142\" srcset=\"https:\/\/mywandern.net\/wp-content\/uploads\/2020\/07\/IMG_3658-768x1024.jpg 768w, https:\/\/mywandern.net\/wp-content\/uploads\/2020\/07\/IMG_3658-225x300.jpg 225w, https:\/\/mywandern.net\/wp-content\/uploads\/2020\/07\/IMG_3658-1152x1536.jpg 1152w, https:\/\/mywandern.net\/wp-content\/uploads\/2020\/07\/IMG_3658-45x60.jpg 45w, https:\/\/mywandern.net\/wp-content\/uploads\/2020\/07\/IMG_3658.jpg 1200w\" sizes=\"auto, (max-width: 768px) 100vw, 768px\" \/><\/a><\/figure><\/li><li class=\"blocks-gallery-item\"><figure><a href=\"http:\/\/mywandern.net\/wp-content\/uploads\/2020\/07\/IMG_4636.jpg\"><img loading=\"lazy\" decoding=\"async\" width=\"1024\" height=\"768\" src=\"http:\/\/mywandern.net\/wp-content\/uploads\/2020\/07\/IMG_4636-1024x768.jpg\" alt=\"\" data-id=\"143\" data-full-url=\"http:\/\/mywandern.net\/wp-content\/uploads\/2020\/07\/IMG_4636.jpg\" data-link=\"http:\/\/mywandern.net\/index.php\/2020\/07\/03\/erlebnispfad-um-die-windraeder-am-knippen\/img_4636\/\" class=\"wp-image-143\" srcset=\"https:\/\/mywandern.net\/wp-content\/uploads\/2020\/07\/IMG_4636-1024x768.jpg 1024w, https:\/\/mywandern.net\/wp-content\/uploads\/2020\/07\/IMG_4636-300x225.jpg 300w, https:\/\/mywandern.net\/wp-content\/uploads\/2020\/07\/IMG_4636-768x576.jpg 768w, https:\/\/mywandern.net\/wp-content\/uploads\/2020\/07\/IMG_4636-80x60.jpg 80w, https:\/\/mywandern.net\/wp-content\/uploads\/2020\/07\/IMG_4636.jpg 1200w\" sizes=\"auto, (max-width: 1024px) 100vw, 1024px\" \/><\/a><\/figure><\/li><li class=\"blocks-gallery-item\"><figure><a href=\"http:\/\/mywandern.net\/wp-content\/uploads\/2020\/07\/IMG_4637.jpg\"><img loading=\"lazy\" decoding=\"async\" width=\"1024\" height=\"768\" src=\"http:\/\/mywandern.net\/wp-content\/uploads\/2020\/07\/IMG_4637-1024x768.jpg\" alt=\"\" data-id=\"144\" data-full-url=\"http:\/\/mywandern.net\/wp-content\/uploads\/2020\/07\/IMG_4637.jpg\" data-link=\"http:\/\/mywandern.net\/index.php\/2020\/07\/03\/erlebnispfad-um-die-windraeder-am-knippen\/img_4637\/\" class=\"wp-image-144\" srcset=\"https:\/\/mywandern.net\/wp-content\/uploads\/2020\/07\/IMG_4637-1024x768.jpg 1024w, https:\/\/mywandern.net\/wp-content\/uploads\/2020\/07\/IMG_4637-300x225.jpg 300w, https:\/\/mywandern.net\/wp-content\/uploads\/2020\/07\/IMG_4637-768x576.jpg 768w, https:\/\/mywandern.net\/wp-content\/uploads\/2020\/07\/IMG_4637-80x60.jpg 80w, https:\/\/mywandern.net\/wp-content\/uploads\/2020\/07\/IMG_4637.jpg 1200w\" sizes=\"auto, (max-width: 1024px) 100vw, 1024px\" \/><\/a><\/figure><\/li><li class=\"blocks-gallery-item\"><figure><a href=\"http:\/\/mywandern.net\/wp-content\/uploads\/2020\/07\/IMG_4639.jpg\"><img loading=\"lazy\" decoding=\"async\" width=\"768\" height=\"1024\" src=\"http:\/\/mywandern.net\/wp-content\/uploads\/2020\/07\/IMG_4639-768x1024.jpg\" alt=\"\" data-id=\"145\" data-full-url=\"http:\/\/mywandern.net\/wp-content\/uploads\/2020\/07\/IMG_4639.jpg\" data-link=\"http:\/\/mywandern.net\/index.php\/2020\/07\/03\/erlebnispfad-um-die-windraeder-am-knippen\/img_4639\/\" class=\"wp-image-145\" srcset=\"https:\/\/mywandern.net\/wp-content\/uploads\/2020\/07\/IMG_4639-768x1024.jpg 768w, https:\/\/mywandern.net\/wp-content\/uploads\/2020\/07\/IMG_4639-225x300.jpg 225w, https:\/\/mywandern.net\/wp-content\/uploads\/2020\/07\/IMG_4639-1152x1536.jpg 1152w, https:\/\/mywandern.net\/wp-content\/uploads\/2020\/07\/IMG_4639-45x60.jpg 45w, https:\/\/mywandern.net\/wp-content\/uploads\/2020\/07\/IMG_4639.jpg 1200w\" sizes=\"auto, (max-width: 768px) 100vw, 768px\" \/><\/a><\/figure><\/li><li class=\"blocks-gallery-item\"><figure><a href=\"http:\/\/mywandern.net\/wp-content\/uploads\/2020\/07\/IMG_4641.jpg\"><img loading=\"lazy\" decoding=\"async\" width=\"1024\" height=\"768\" src=\"http:\/\/mywandern.net\/wp-content\/uploads\/2020\/07\/IMG_4641-1024x768.jpg\" alt=\"\" data-id=\"146\" data-full-url=\"http:\/\/mywandern.net\/wp-content\/uploads\/2020\/07\/IMG_4641.jpg\" data-link=\"http:\/\/mywandern.net\/index.php\/2020\/07\/03\/erlebnispfad-um-die-windraeder-am-knippen\/img_4641\/\" class=\"wp-image-146\" srcset=\"https:\/\/mywandern.net\/wp-content\/uploads\/2020\/07\/IMG_4641-1024x768.jpg 1024w, https:\/\/mywandern.net\/wp-content\/uploads\/2020\/07\/IMG_4641-300x225.jpg 300w, https:\/\/mywandern.net\/wp-content\/uploads\/2020\/07\/IMG_4641-768x576.jpg 768w, https:\/\/mywandern.net\/wp-content\/uploads\/2020\/07\/IMG_4641-80x60.jpg 80w, https:\/\/mywandern.net\/wp-content\/uploads\/2020\/07\/IMG_4641.jpg 1200w\" sizes=\"auto, (max-width: 1024px) 100vw, 1024px\" \/><\/a><\/figure><\/li><li class=\"blocks-gallery-item\"><figure><a href=\"http:\/\/mywandern.net\/wp-content\/uploads\/2020\/07\/IMG_4643.jpg\"><img loading=\"lazy\" decoding=\"async\" width=\"768\" height=\"1024\" src=\"http:\/\/mywandern.net\/wp-content\/uploads\/2020\/07\/IMG_4643-768x1024.jpg\" alt=\"\" data-id=\"147\" data-full-url=\"http:\/\/mywandern.net\/wp-content\/uploads\/2020\/07\/IMG_4643.jpg\" data-link=\"http:\/\/mywandern.net\/index.php\/2020\/07\/03\/erlebnispfad-um-die-windraeder-am-knippen\/img_4643\/\" class=\"wp-image-147\" srcset=\"https:\/\/mywandern.net\/wp-content\/uploads\/2020\/07\/IMG_4643-768x1024.jpg 768w, https:\/\/mywandern.net\/wp-content\/uploads\/2020\/07\/IMG_4643-225x300.jpg 225w, https:\/\/mywandern.net\/wp-content\/uploads\/2020\/07\/IMG_4643-1152x1536.jpg 1152w, https:\/\/mywandern.net\/wp-content\/uploads\/2020\/07\/IMG_4643-45x60.jpg 45w, https:\/\/mywandern.net\/wp-content\/uploads\/2020\/07\/IMG_4643.jpg 1200w\" sizes=\"auto, (max-width: 768px) 100vw, 768px\" \/><\/a><\/figure><\/li><li class=\"blocks-gallery-item\"><figure><a href=\"http:\/\/mywandern.net\/wp-content\/uploads\/2020\/07\/IMG_4644.jpg\"><img loading=\"lazy\" decoding=\"async\" width=\"768\" height=\"1024\" src=\"http:\/\/mywandern.net\/wp-content\/uploads\/2020\/07\/IMG_4644-768x1024.jpg\" alt=\"\" data-id=\"148\" data-full-url=\"http:\/\/mywandern.net\/wp-content\/uploads\/2020\/07\/IMG_4644.jpg\" data-link=\"http:\/\/mywandern.net\/index.php\/2020\/07\/03\/erlebnispfad-um-die-windraeder-am-knippen\/img_4644\/\" class=\"wp-image-148\" srcset=\"https:\/\/mywandern.net\/wp-content\/uploads\/2020\/07\/IMG_4644-768x1024.jpg 768w, https:\/\/mywandern.net\/wp-content\/uploads\/2020\/07\/IMG_4644-225x300.jpg 225w, https:\/\/mywandern.net\/wp-content\/uploads\/2020\/07\/IMG_4644-1152x1536.jpg 1152w, https:\/\/mywandern.net\/wp-content\/uploads\/2020\/07\/IMG_4644-45x60.jpg 45w, https:\/\/mywandern.net\/wp-content\/uploads\/2020\/07\/IMG_4644.jpg 1200w\" sizes=\"auto, (max-width: 768px) 100vw, 768px\" \/><\/a><\/figure><\/li><li class=\"blocks-gallery-item\"><figure><a href=\"http:\/\/mywandern.net\/wp-content\/uploads\/2020\/07\/IMG_4647.jpg\"><img loading=\"lazy\" decoding=\"async\" width=\"768\" height=\"1024\" src=\"http:\/\/mywandern.net\/wp-content\/uploads\/2020\/07\/IMG_4647-768x1024.jpg\" alt=\"\" data-id=\"149\" data-full-url=\"http:\/\/mywandern.net\/wp-content\/uploads\/2020\/07\/IMG_4647.jpg\" data-link=\"http:\/\/mywandern.net\/index.php\/2020\/07\/03\/erlebnispfad-um-die-windraeder-am-knippen\/img_4647\/\" class=\"wp-image-149\" srcset=\"https:\/\/mywandern.net\/wp-content\/uploads\/2020\/07\/IMG_4647-768x1024.jpg 768w, https:\/\/mywandern.net\/wp-content\/uploads\/2020\/07\/IMG_4647-225x300.jpg 225w, https:\/\/mywandern.net\/wp-content\/uploads\/2020\/07\/IMG_4647-1152x1536.jpg 1152w, https:\/\/mywandern.net\/wp-content\/uploads\/2020\/07\/IMG_4647-45x60.jpg 45w, https:\/\/mywandern.net\/wp-content\/uploads\/2020\/07\/IMG_4647.jpg 1200w\" sizes=\"auto, (max-width: 768px) 100vw, 768px\" \/><\/a><\/figure><\/li><li class=\"blocks-gallery-item\"><figure><a href=\"http:\/\/mywandern.net\/wp-content\/uploads\/2020\/07\/IMG_4651.jpg\"><img loading=\"lazy\" decoding=\"async\" width=\"1024\" height=\"768\" src=\"http:\/\/mywandern.net\/wp-content\/uploads\/2020\/07\/IMG_4651-1024x768.jpg\" alt=\"\" data-id=\"150\" data-full-url=\"http:\/\/mywandern.net\/wp-content\/uploads\/2020\/07\/IMG_4651.jpg\" data-link=\"http:\/\/mywandern.net\/index.php\/2020\/07\/03\/erlebnispfad-um-die-windraeder-am-knippen\/img_4651\/\" class=\"wp-image-150\" srcset=\"https:\/\/mywandern.net\/wp-content\/uploads\/2020\/07\/IMG_4651-1024x768.jpg 1024w, https:\/\/mywandern.net\/wp-content\/uploads\/2020\/07\/IMG_4651-300x225.jpg 300w, https:\/\/mywandern.net\/wp-content\/uploads\/2020\/07\/IMG_4651-768x576.jpg 768w, https:\/\/mywandern.net\/wp-content\/uploads\/2020\/07\/IMG_4651-80x60.jpg 80w, https:\/\/mywandern.net\/wp-content\/uploads\/2020\/07\/IMG_4651.jpg 1200w\" sizes=\"auto, (max-width: 1024px) 100vw, 1024px\" \/><\/a><\/figure><\/li><li class=\"blocks-gallery-item\"><figure><a href=\"http:\/\/mywandern.net\/wp-content\/uploads\/2020\/07\/IMG_4652.jpg\"><img loading=\"lazy\" decoding=\"async\" width=\"1024\" height=\"768\" src=\"http:\/\/mywandern.net\/wp-content\/uploads\/2020\/07\/IMG_4652-1024x768.jpg\" alt=\"\" data-id=\"151\" data-full-url=\"http:\/\/mywandern.net\/wp-content\/uploads\/2020\/07\/IMG_4652.jpg\" data-link=\"http:\/\/mywandern.net\/index.php\/2020\/07\/03\/erlebnispfad-um-die-windraeder-am-knippen\/img_4652\/\" class=\"wp-image-151\" srcset=\"https:\/\/mywandern.net\/wp-content\/uploads\/2020\/07\/IMG_4652-1024x768.jpg 1024w, https:\/\/mywandern.net\/wp-content\/uploads\/2020\/07\/IMG_4652-300x225.jpg 300w, https:\/\/mywandern.net\/wp-content\/uploads\/2020\/07\/IMG_4652-768x576.jpg 768w, https:\/\/mywandern.net\/wp-content\/uploads\/2020\/07\/IMG_4652-80x60.jpg 80w, https:\/\/mywandern.net\/wp-content\/uploads\/2020\/07\/IMG_4652.jpg 1200w\" sizes=\"auto, (max-width: 1024px) 100vw, 1024px\" \/><\/a><\/figure><\/li><li class=\"blocks-gallery-item\"><figure><a href=\"http:\/\/mywandern.net\/wp-content\/uploads\/2020\/07\/IMG_4656.jpg\"><img loading=\"lazy\" decoding=\"async\" width=\"1024\" height=\"768\" src=\"http:\/\/mywandern.net\/wp-content\/uploads\/2020\/07\/IMG_4656-1024x768.jpg\" alt=\"\" data-id=\"152\" data-full-url=\"http:\/\/mywandern.net\/wp-content\/uploads\/2020\/07\/IMG_4656.jpg\" data-link=\"http:\/\/mywandern.net\/index.php\/2020\/07\/03\/erlebnispfad-um-die-windraeder-am-knippen\/img_4656\/\" class=\"wp-image-152\" srcset=\"https:\/\/mywandern.net\/wp-content\/uploads\/2020\/07\/IMG_4656-1024x768.jpg 1024w, https:\/\/mywandern.net\/wp-content\/uploads\/2020\/07\/IMG_4656-300x225.jpg 300w, https:\/\/mywandern.net\/wp-content\/uploads\/2020\/07\/IMG_4656-768x576.jpg 768w, https:\/\/mywandern.net\/wp-content\/uploads\/2020\/07\/IMG_4656-80x60.jpg 80w, https:\/\/mywandern.net\/wp-content\/uploads\/2020\/07\/IMG_4656.jpg 1200w\" sizes=\"auto, (max-width: 1024px) 100vw, 1024px\" \/><\/a><\/figure><\/li><li class=\"blocks-gallery-item\"><figure><a href=\"http:\/\/mywandern.net\/wp-content\/uploads\/2020\/07\/IMG_4660.jpg\"><img loading=\"lazy\" decoding=\"async\" width=\"1024\" height=\"768\" src=\"http:\/\/mywandern.net\/wp-content\/uploads\/2020\/07\/IMG_4660-1024x768.jpg\" alt=\"\" data-id=\"153\" data-full-url=\"http:\/\/mywandern.net\/wp-content\/uploads\/2020\/07\/IMG_4660.jpg\" data-link=\"http:\/\/mywandern.net\/index.php\/2020\/07\/03\/erlebnispfad-um-die-windraeder-am-knippen\/img_4660\/\" class=\"wp-image-153\" srcset=\"https:\/\/mywandern.net\/wp-content\/uploads\/2020\/07\/IMG_4660-1024x768.jpg 1024w, https:\/\/mywandern.net\/wp-content\/uploads\/2020\/07\/IMG_4660-300x225.jpg 300w, https:\/\/mywandern.net\/wp-content\/uploads\/2020\/07\/IMG_4660-768x576.jpg 768w, https:\/\/mywandern.net\/wp-content\/uploads\/2020\/07\/IMG_4660-80x60.jpg 80w, https:\/\/mywandern.net\/wp-content\/uploads\/2020\/07\/IMG_4660.jpg 1200w\" sizes=\"auto, (max-width: 1024px) 100vw, 1024px\" \/><\/a><\/figure><\/li><li class=\"blocks-gallery-item\"><figure><a href=\"http:\/\/mywandern.net\/wp-content\/uploads\/2020\/07\/IMG_4666.jpg\"><img loading=\"lazy\" decoding=\"async\" width=\"768\" height=\"1024\" src=\"http:\/\/mywandern.net\/wp-content\/uploads\/2020\/07\/IMG_4666-768x1024.jpg\" alt=\"\" data-id=\"154\" data-full-url=\"http:\/\/mywandern.net\/wp-content\/uploads\/2020\/07\/IMG_4666.jpg\" data-link=\"http:\/\/mywandern.net\/index.php\/2020\/07\/03\/erlebnispfad-um-die-windraeder-am-knippen\/img_4666\/\" class=\"wp-image-154\" srcset=\"https:\/\/mywandern.net\/wp-content\/uploads\/2020\/07\/IMG_4666-768x1024.jpg 768w, https:\/\/mywandern.net\/wp-content\/uploads\/2020\/07\/IMG_4666-225x300.jpg 225w, https:\/\/mywandern.net\/wp-content\/uploads\/2020\/07\/IMG_4666-1152x1536.jpg 1152w, https:\/\/mywandern.net\/wp-content\/uploads\/2020\/07\/IMG_4666-45x60.jpg 45w, https:\/\/mywandern.net\/wp-content\/uploads\/2020\/07\/IMG_4666.jpg 1200w\" sizes=\"auto, (max-width: 768px) 100vw, 768px\" \/><\/a><\/figure><\/li><li class=\"blocks-gallery-item\"><figure><a href=\"http:\/\/mywandern.net\/wp-content\/uploads\/2020\/07\/IMG_4667.jpg\"><img loading=\"lazy\" decoding=\"async\" width=\"1024\" height=\"768\" src=\"http:\/\/mywandern.net\/wp-content\/uploads\/2020\/07\/IMG_4667-1024x768.jpg\" alt=\"\" data-id=\"155\" data-full-url=\"http:\/\/mywandern.net\/wp-content\/uploads\/2020\/07\/IMG_4667.jpg\" data-link=\"http:\/\/mywandern.net\/index.php\/2020\/07\/03\/erlebnispfad-um-die-windraeder-am-knippen\/img_4667\/\" class=\"wp-image-155\" srcset=\"https:\/\/mywandern.net\/wp-content\/uploads\/2020\/07\/IMG_4667-1024x768.jpg 1024w, https:\/\/mywandern.net\/wp-content\/uploads\/2020\/07\/IMG_4667-300x225.jpg 300w, https:\/\/mywandern.net\/wp-content\/uploads\/2020\/07\/IMG_4667-768x576.jpg 768w, https:\/\/mywandern.net\/wp-content\/uploads\/2020\/07\/IMG_4667-80x60.jpg 80w, https:\/\/mywandern.net\/wp-content\/uploads\/2020\/07\/IMG_4667.jpg 1200w\" sizes=\"auto, (max-width: 1024px) 100vw, 1024px\" \/><\/a><\/figure><\/li><li class=\"blocks-gallery-item\"><figure><a href=\"http:\/\/mywandern.net\/wp-content\/uploads\/2020\/07\/IMG_4669.jpg\"><img loading=\"lazy\" decoding=\"async\" width=\"768\" height=\"1024\" src=\"http:\/\/mywandern.net\/wp-content\/uploads\/2020\/07\/IMG_4669-768x1024.jpg\" alt=\"\" data-id=\"156\" data-full-url=\"http:\/\/mywandern.net\/wp-content\/uploads\/2020\/07\/IMG_4669.jpg\" data-link=\"http:\/\/mywandern.net\/index.php\/2020\/07\/03\/erlebnispfad-um-die-windraeder-am-knippen\/img_4669\/\" class=\"wp-image-156\" srcset=\"https:\/\/mywandern.net\/wp-content\/uploads\/2020\/07\/IMG_4669-768x1024.jpg 768w, https:\/\/mywandern.net\/wp-content\/uploads\/2020\/07\/IMG_4669-225x300.jpg 225w, https:\/\/mywandern.net\/wp-content\/uploads\/2020\/07\/IMG_4669-1152x1536.jpg 1152w, https:\/\/mywandern.net\/wp-content\/uploads\/2020\/07\/IMG_4669-45x60.jpg 45w, https:\/\/mywandern.net\/wp-content\/uploads\/2020\/07\/IMG_4669.jpg 1200w\" sizes=\"auto, (max-width: 768px) 100vw, 768px\" \/><\/a><\/figure><\/li><li class=\"blocks-gallery-item\"><figure><a href=\"http:\/\/mywandern.net\/wp-content\/uploads\/2020\/07\/IMG_4670.jpg\"><img loading=\"lazy\" decoding=\"async\" width=\"1024\" height=\"768\" src=\"http:\/\/mywandern.net\/wp-content\/uploads\/2020\/07\/IMG_4670-1024x768.jpg\" alt=\"\" data-id=\"157\" data-full-url=\"http:\/\/mywandern.net\/wp-content\/uploads\/2020\/07\/IMG_4670.jpg\" data-link=\"http:\/\/mywandern.net\/index.php\/2020\/07\/03\/erlebnispfad-um-die-windraeder-am-knippen\/img_4670\/\" class=\"wp-image-157\" srcset=\"https:\/\/mywandern.net\/wp-content\/uploads\/2020\/07\/IMG_4670-1024x768.jpg 1024w, https:\/\/mywandern.net\/wp-content\/uploads\/2020\/07\/IMG_4670-300x225.jpg 300w, https:\/\/mywandern.net\/wp-content\/uploads\/2020\/07\/IMG_4670-768x576.jpg 768w, https:\/\/mywandern.net\/wp-content\/uploads\/2020\/07\/IMG_4670-80x60.jpg 80w, https:\/\/mywandern.net\/wp-content\/uploads\/2020\/07\/IMG_4670.jpg 1200w\" sizes=\"auto, (max-width: 1024px) 100vw, 1024px\" \/><\/a><\/figure><\/li><li class=\"blocks-gallery-item\"><figure><a href=\"http:\/\/mywandern.net\/wp-content\/uploads\/2020\/07\/IMG_4671.jpg\"><img loading=\"lazy\" decoding=\"async\" width=\"768\" height=\"1024\" src=\"http:\/\/mywandern.net\/wp-content\/uploads\/2020\/07\/IMG_4671-768x1024.jpg\" alt=\"\" data-id=\"158\" data-full-url=\"http:\/\/mywandern.net\/wp-content\/uploads\/2020\/07\/IMG_4671.jpg\" data-link=\"http:\/\/mywandern.net\/index.php\/2020\/07\/03\/erlebnispfad-um-die-windraeder-am-knippen\/img_4671\/\" class=\"wp-image-158\" srcset=\"https:\/\/mywandern.net\/wp-content\/uploads\/2020\/07\/IMG_4671-768x1024.jpg 768w, https:\/\/mywandern.net\/wp-content\/uploads\/2020\/07\/IMG_4671-225x300.jpg 225w, https:\/\/mywandern.net\/wp-content\/uploads\/2020\/07\/IMG_4671-1152x1536.jpg 1152w, https:\/\/mywandern.net\/wp-content\/uploads\/2020\/07\/IMG_4671-45x60.jpg 45w, https:\/\/mywandern.net\/wp-content\/uploads\/2020\/07\/IMG_4671.jpg 1200w\" sizes=\"auto, (max-width: 768px) 100vw, 768px\" \/><\/a><\/figure><\/li><li class=\"blocks-gallery-item\"><figure><a href=\"http:\/\/mywandern.net\/wp-content\/uploads\/2020\/07\/IMG_4673.jpg\"><img loading=\"lazy\" decoding=\"async\" width=\"1024\" height=\"768\" src=\"http:\/\/mywandern.net\/wp-content\/uploads\/2020\/07\/IMG_4673-1024x768.jpg\" alt=\"\" data-id=\"159\" data-full-url=\"http:\/\/mywandern.net\/wp-content\/uploads\/2020\/07\/IMG_4673.jpg\" data-link=\"http:\/\/mywandern.net\/index.php\/2020\/07\/03\/erlebnispfad-um-die-windraeder-am-knippen\/img_4673\/\" class=\"wp-image-159\" srcset=\"https:\/\/mywandern.net\/wp-content\/uploads\/2020\/07\/IMG_4673-1024x768.jpg 1024w, https:\/\/mywandern.net\/wp-content\/uploads\/2020\/07\/IMG_4673-300x225.jpg 300w, https:\/\/mywandern.net\/wp-content\/uploads\/2020\/07\/IMG_4673-768x576.jpg 768w, https:\/\/mywandern.net\/wp-content\/uploads\/2020\/07\/IMG_4673-80x60.jpg 80w, https:\/\/mywandern.net\/wp-content\/uploads\/2020\/07\/IMG_4673.jpg 1200w\" sizes=\"auto, (max-width: 1024px) 100vw, 1024px\" \/><\/a><\/figure><\/li><li class=\"blocks-gallery-item\"><figure><a href=\"http:\/\/mywandern.net\/wp-content\/uploads\/2020\/07\/IMG_4674.jpg\"><img loading=\"lazy\" decoding=\"async\" width=\"1024\" height=\"768\" src=\"http:\/\/mywandern.net\/wp-content\/uploads\/2020\/07\/IMG_4674-1024x768.jpg\" alt=\"\" data-id=\"160\" data-full-url=\"http:\/\/mywandern.net\/wp-content\/uploads\/2020\/07\/IMG_4674.jpg\" data-link=\"http:\/\/mywandern.net\/index.php\/2020\/07\/03\/erlebnispfad-um-die-windraeder-am-knippen\/img_4674\/\" class=\"wp-image-160\" srcset=\"https:\/\/mywandern.net\/wp-content\/uploads\/2020\/07\/IMG_4674-1024x768.jpg 1024w, https:\/\/mywandern.net\/wp-content\/uploads\/2020\/07\/IMG_4674-300x225.jpg 300w, https:\/\/mywandern.net\/wp-content\/uploads\/2020\/07\/IMG_4674-768x576.jpg 768w, https:\/\/mywandern.net\/wp-content\/uploads\/2020\/07\/IMG_4674-80x60.jpg 80w, https:\/\/mywandern.net\/wp-content\/uploads\/2020\/07\/IMG_4674.jpg 1200w\" sizes=\"auto, (max-width: 1024px) 100vw, 1024px\" \/><\/a><\/figure><\/li><\/ul><\/figure>\n\n\n\n<p><\/p>\n","protected":false},"excerpt":{"rendered":"<p>Manche finden sie majest\u00e4tisch, andere w\u00fcrden sie am liebsten verschwinden lassen: Drei Windr\u00e4der stehen zwischen L\u00f6ffelberg und H\u00fchnerkamp und bilden den Windpark Knippen. In dieser Tour umrunden wir den Windpark und entdecken auf dem Weg spannende Relikte aus der Vergangenheit. Unsere Tour folgt zun\u00e4chst dem Siegerl\u00e4nder H\u00f6henring in Richtung Hohenhain. Vor Hohenhain folgen wir der &hellip; <\/p>\n","protected":false},"author":2,"featured_media":159,"comment_status":"open","ping_status":"open","sticky":false,"template":"","format":"standard","meta":{"footnotes":""},"categories":[2],"tags":[],"class_list":["post-6","post","type-post","status-publish","format-standard","has-post-thumbnail","hentry","category-wanderungen"],"_links":{"self":[{"href":"https:\/\/mywandern.net\/index.php\/wp-json\/wp\/v2\/posts\/6","targetHints":{"allow":["GET"]}}],"collection":[{"href":"https:\/\/mywandern.net\/index.php\/wp-json\/wp\/v2\/posts"}],"about":[{"href":"https:\/\/mywandern.net\/index.php\/wp-json\/wp\/v2\/types\/post"}],"author":[{"embeddable":true,"href":"https:\/\/mywandern.net\/index.php\/wp-json\/wp\/v2\/users\/2"}],"replies":[{"embeddable":true,"href":"https:\/\/mywandern.net\/index.php\/wp-json\/wp\/v2\/comments?post=6"}],"version-history":[{"count":11,"href":"https:\/\/mywandern.net\/index.php\/wp-json\/wp\/v2\/posts\/6\/revisions"}],"predecessor-version":[{"id":573,"href":"https:\/\/mywandern.net\/index.php\/wp-json\/wp\/v2\/posts\/6\/revisions\/573"}],"wp:featuredmedia":[{"embeddable":true,"href":"https:\/\/mywandern.net\/index.php\/wp-json\/wp\/v2\/media\/159"}],"wp:attachment":[{"href":"https:\/\/mywandern.net\/index.php\/wp-json\/wp\/v2\/media?parent=6"}],"wp:term":[{"taxonomy":"category","embeddable":true,"href":"https:\/\/mywandern.net\/index.php\/wp-json\/wp\/v2\/categories?post=6"},{"taxonomy":"post_tag","embeddable":true,"href":"https:\/\/mywandern.net\/index.php\/wp-json\/wp\/v2\/tags?post=6"}],"curies":[{"name":"wp","href":"https:\/\/api.w.org\/{rel}","templated":true}]}}