{"id":351,"date":"2020-06-27T17:34:00","date_gmt":"2020-06-27T15:34:00","guid":{"rendered":"http:\/\/mywandern.net\/?p=351"},"modified":"2020-07-12T17:12:21","modified_gmt":"2020-07-12T15:12:21","slug":"wendener-rundweg-2-tages-tour","status":"publish","type":"post","link":"https:\/\/mywandern.net\/index.php\/2020\/06\/27\/wendener-rundweg-2-tages-tour\/","title":{"rendered":"Wendener Rundweg (2-Tages-Tour)"},"content":{"rendered":"\n<p>Der Wendener Rundweg verl\u00e4uft komplett um das &#8222;Wendscher Land&#8220;, wurde durch den Sauerl\u00e4ndischen Gebirgsverein (SGV) konzipiert und auch sehr gut mit einem (W) markiert. <\/p>\n\n\n\n<p>Wenden liegt im S\u00fcdteil des Sauerlandes innerhalb des&nbsp;Naturparks Sauerland-Rothaargebirge.<\/p>\n\n\n\n<p>Die Gemeinde war von seiner Grenzlage gepr\u00e4gt. Bei Wenden grenzten das k\u00f6lnische Sauerland und das nassauische&nbsp;Siegerland&nbsp;aneinander. Am Dreiherrenstein bei R\u00f6mershagen stie\u00dfen in der&nbsp;fr\u00fchen Neuzeit&nbsp;das kurk\u00f6lnische&nbsp;Herzogtum Westfalen,&nbsp;Nassau-Siegen&nbsp;und die&nbsp;Herrschaft Wildenburg&nbsp;aneinander. Im Sp\u00e4tmittelalter und der fr\u00fchen Neuzeit wurde die Grenze von Nassauer Seite gegen das kurk\u00f6lnische Herzogtum Westfalen durch&nbsp;Landwehren&nbsp;und \u00e4hnliche Befestigungswerke gesch\u00fctzt. Teile des&nbsp;K\u00f6lschen Hecks&nbsp;lagen im Gemeindegebiet und sind auch heute noch an der s\u00fcd\u00f6stlichen Route erkennbar.<\/p>\n\n\n\n<p>Besichtigen sollte man die Wendener H\u00fctte, ein altes&nbsp;Eisen-&nbsp;und Hammerwerk und technisches&nbsp;Kulturdenkmal. Es entstand 1723 noch in vorindustrieller Zeit und bestand bis in die Zeit der&nbsp;Industrialisierung. Der Hochofen wurde 1866 stillgelegt.<\/p>\n\n\n\n<p>Au\u00dferdem interessant im Wendener Umland und auf unserer Route zu besichtigen ist die Biggequelle in dem der Fluss Bigge enspringt der sp\u00e4ter in die Lenne m\u00fcndet.<br><br>Tipp:<br>Die Route kann man gut in eine 2-Tages-Tour aufteilen.<\/p>\n\n\n\n<p><strong>Details<\/strong><\/p>\n\n\n\n<figure class=\"wp-block-table\"><table class=\"has-subtle-pale-green-background-color has-background\"><tbody><tr><td>Schwierigkeit<\/td><td>schwer<\/td><\/tr><tr><td>Kondition<\/td><td><img decoding=\"async\" src=\"http:\/\/mywandern.net\/wp-content\/uploads\/2020\/07\/wanderer_blau.png\" alt=\"\"><img decoding=\"async\" src=\"http:\/\/mywandern.net\/wp-content\/uploads\/2020\/07\/wanderer_blau.png\" alt=\"\"><img decoding=\"async\" src=\"http:\/\/mywandern.net\/wp-content\/uploads\/2020\/07\/wanderer_blau.png\" alt=\"\"><img decoding=\"async\" src=\"http:\/\/mywandern.net\/wp-content\/uploads\/2020\/07\/wanderer_blau.png\" alt=\"\"><img decoding=\"async\" src=\"http:\/\/mywandern.net\/wp-content\/uploads\/2020\/07\/wanderer_blau.png\" alt=\"\"><\/td><\/tr><tr><td>Erlebnis<\/td><td><img decoding=\"async\" src=\"http:\/\/mywandern.net\/wp-content\/uploads\/2020\/07\/wanderer_blau.png\" alt=\"\"><img decoding=\"async\" src=\"http:\/\/mywandern.net\/wp-content\/uploads\/2020\/07\/wanderer_blau.png\" alt=\"\"><img decoding=\"async\" src=\"http:\/\/mywandern.net\/wp-content\/uploads\/2020\/07\/wanderer_blau.png\" alt=\"\"><img loading=\"lazy\" decoding=\"async\" width=\"20\" height=\"25\" class=\"wp-image-298\" style=\"width: 20px;\" src=\"http:\/\/mywandern.net\/wp-content\/uploads\/2020\/07\/wanderer_grau.png\" alt=\"\"><img decoding=\"async\" src=\"http:\/\/mywandern.net\/wp-content\/uploads\/2020\/07\/wanderer_grau.png\" alt=\"\"><\/td><\/tr><tr><td>Landschaft<\/td><td><img decoding=\"async\" src=\"http:\/\/mywandern.net\/wp-content\/uploads\/2020\/07\/wanderer_blau.png\" alt=\"\"><img decoding=\"async\" src=\"http:\/\/mywandern.net\/wp-content\/uploads\/2020\/07\/wanderer_blau.png\" alt=\"\"><img decoding=\"async\" src=\"http:\/\/mywandern.net\/wp-content\/uploads\/2020\/07\/wanderer_blau.png\" alt=\"\"><img decoding=\"async\" src=\"http:\/\/mywandern.net\/wp-content\/uploads\/2020\/07\/wanderer_grau.png\" alt=\"\"><img decoding=\"async\" src=\"http:\/\/mywandern.net\/wp-content\/uploads\/2020\/07\/wanderer_grau.png\" alt=\"\"><\/td><\/tr><tr><td>Technik<\/td><td><img decoding=\"async\" src=\"http:\/\/mywandern.net\/wp-content\/uploads\/2020\/07\/wanderer_blau.png\" alt=\"\"><img decoding=\"async\" src=\"http:\/\/mywandern.net\/wp-content\/uploads\/2020\/07\/wanderer_blau.png\" alt=\"\"><img decoding=\"async\" src=\"http:\/\/mywandern.net\/wp-content\/uploads\/2020\/07\/wanderer_blau.png\" alt=\"\"><img decoding=\"async\" src=\"http:\/\/mywandern.net\/wp-content\/uploads\/2020\/07\/wanderer_grau.png\" alt=\"\"><img decoding=\"async\" src=\"http:\/\/mywandern.net\/wp-content\/uploads\/2020\/07\/wanderer_grau.png\" alt=\"\"><\/td><\/tr><tr><td>Strecke<\/td><td>40,8 km<\/td><\/tr><tr><td>Dauer<\/td><td>12h<\/td><\/tr><tr><td>H\u00f6henmeter<\/td><td>496 m<\/td><\/tr><tr><td>Rundweg<\/td><td>ja<\/td><\/tr><tr><td>Bewertung<\/td><td><img decoding=\"async\" src=\"http:\/\/mywandern.net\/wp-content\/uploads\/2020\/07\/wanderer_blau.png\" alt=\"\"><img decoding=\"async\" src=\"http:\/\/mywandern.net\/wp-content\/uploads\/2020\/07\/wanderer_blau.png\" alt=\"\"><img decoding=\"async\" src=\"http:\/\/mywandern.net\/wp-content\/uploads\/2020\/07\/wanderer_blau.png\" alt=\"\"><img decoding=\"async\" src=\"http:\/\/mywandern.net\/wp-content\/uploads\/2020\/07\/wanderer_blau.png\" alt=\"\"><img decoding=\"async\" src=\"http:\/\/mywandern.net\/wp-content\/uploads\/2020\/07\/wanderer_grau.png\" alt=\"\"><\/td><\/tr><tr><td>Kalorienverbrauch<\/td><td>2.908 Kcal<\/td><\/tr><\/tbody><\/table><\/figure>\n\n\n\n<p><strong>Wegbeschreibung<\/strong><br>Die GPS Koordinaten des SGV beginnen \u00f6stlich von H\u00fcnsborn, aber uns ist in dem Bereich kein Parkplatz bekannt. Die Route kreuzt das Autobahnkreuz A45\/A4 wodurch sich der Einstieg bei Gerlingen sehr gut anbietet. Aber auch ohne Koordinaten oder App ist dieser Rundweg sehr gut \u00fcber die klassische Markierung, hier ein wei\u00dfes &#8222;W&#8220; im Kreis auf schwarz, ausgeschildert.<\/p>\n\n\n\n<p>Die Runde ist sehr lang. Du solltest ggfl. \u00fcberlegen eine \u00dcbernachtung einzulegen und die Route zu teilen.<\/p>\n\n\n\n<p>Wir starten in Gerlingen und gehen zun\u00e4chst n\u00f6rdlich am Sportplatzes vorbei, \u00fcberqueren die A4 und verschwinden \u00f6stlich von Dahl im Wald (Katzensaal). Bei Thieringhausen haben wir kurzzeitig wieder freie Sicht, ehe wir wieder im Wald verschwinden und dem Weg in Richtung Krombach folgen. Auf diesem St\u00fcck erreichen wir \u00fcbrigens den h\u00f6chsten Punkt der Route.<\/p>\n\n\n\n<p>Vor Krombach stossen wir auf den Siegerland-H\u00f6henring, markiert mit einer wei\u00dfen (1), dem wir in s\u00fcdlicher Richtung folgen.<\/p>\n\n\n\n<p>Die Vegetation ist teilweise noch sehr jung, aber dennoch schon alt genug um jegliche Aussicht zu verhindern. D.h. wir gehen eine relativ lange Strecke ohne Aussicht, was etwas schade ist.<\/p>\n\n\n\n<p>Bei H\u00fcnsborn wechseln wir in westlicher Richtung, gehen am Flugplatz vorbei, kommen \u00fcber den L\u00f6ffelberg zum Knippen, wo pl\u00f6tzlich drei gro\u00dfe Windr\u00e4der \u00fcber den Baumkronen auftauchen. Wer interessiert ist kann einen kurzen Abstecher (100m) machen und sich ein Windrad aus direkter N\u00e4he anschauen.<\/p>\n\n\n\n<p>Vor R\u00f6mershagen verlassen wir den Siegerland-H\u00f6henring, gehen vorbei an der Biggequelle, durch R\u00f6mershagen, wechseln in nordwestliche Richtung, vorbei an Heid und gehen dann n\u00f6rdlich. Die Sicht wird durch landwirtschaftlich gepr\u00e4gte Umgebung wesendlich besser.<\/p>\n\n\n\n<p>Westlich von Hillmicke machen wir einen gro\u00dfen Bogen in \u00f6stliche Richtung, \u00fcberqueren wieder die A4 bei Halbhusten, sp\u00e4ter erneut in Gerlingen, dann geht es noch einmal unter der A45 her und wir befinden uns am Ausgangsort.<\/p>\n\n\n\n<p><strong>Start:<\/strong> Gerlingen &#8211; Autobahnkreuz A45\/A4 (427 m)<br><br>Koordinaten:<br>Geographisch 50.948413, 7.923801<br>UTM 32U 424400 5644639<\/p>\n\n\n\n<p><strong>Ziel:<\/strong> Gerlingen &#8211; Autobahnkreuz A45\/A4<br><\/p>\n\n\n\n<p><strong>Anfahrt, Parken, \u00d6ffentliche Verkehrsmittel<\/strong><br>Autobahnen A45 (Sauerlandlinie) und die A4 (K\u00f6ln-Olpe).Das Autobahnkreuz &#8222;Olpe-S\u00fcd&#8220; liegt unmittelbar auf dem Gebiet der Gemeinde Wenden.<br><br>Es sind reichlich (kostenlose) Parkm\u00f6glichkeiten in der Umgebung vorhanden.<br><br>Mit Bahn und Bus erreichbar.<br>Mit der Bahn:<br>ICE bzw. IC\/EC-Anschlu\u00dfbahnh\u00f6fe f\u00fcr die Region Sauerland sind Dortmund und Hagen im Westen, Kassel-Wilhelmsh\u00f6he im Osten sowie Frankfurt im S\u00fcden. Von diesen Bahnh\u00f6fen aus bestehen gute Verbindungen nach Olpe bzw. Siegen mit dem InterRegio, StadtExpress oder RegionalExpress. Von dort weiter mit Buslinien R50 und R51. Reiseauskunft der DB: (Ihre Vorwahl) 19419<br><br>Mit dem Bus:<br>Die wichtigen Buslinien aus dem Umland nach Wenden sind: <br>Von Siegen und Olpe Line R50 und R51.<br>Infos: www.vgws.de<\/p>\n\n\n\n<p><strong>Karte<\/strong><\/p>\n\n\n\n<p><script type=\"text\/javascript\" src=\"https:\/\/www.outdooractive.com\/de\/embed\/174040044\/js?mw=false\"><\/script><\/p>\n\n\n\n<div class=\"wp-block-group\"><div class=\"wp-block-group__inner-container is-layout-flow wp-block-group-is-layout-flow\">\n<p><strong>Weitere Infos<\/strong><\/p>\n\n\n\n<p><a href=\"https:\/\/de.wikipedia.org\/wiki\/Wenden_(Sauerland)\">https:\/\/de.wikipedia.org\/wiki\/Wenden_(Sauerland)<\/a><\/p>\n\n\n\n<p><a href=\"https:\/\/de.wikipedia.org\/wiki\/Naturschutzgebiet_Biggequellgebiet\">https:\/\/de.wikipedia.org\/wiki\/Naturschutzgebiet_Biggequellgebiet<\/a><\/p>\n<\/div><\/div>\n\n\n\n<p><strong>Bilder<\/strong><\/p>\n\n\n\n<div class=\"wp-block-group\"><div class=\"wp-block-group__inner-container is-layout-flow wp-block-group-is-layout-flow\">\n<figure class=\"wp-block-gallery columns-3 is-cropped wp-block-gallery-1 is-layout-flex wp-block-gallery-is-layout-flex\"><ul class=\"blocks-gallery-grid\"><li class=\"blocks-gallery-item\"><figure><a href=\"https:\/\/mywandern.net\/wp-content\/uploads\/2020\/07\/IMG_4764.jpg\"><img loading=\"lazy\" decoding=\"async\" width=\"1024\" height=\"768\" src=\"https:\/\/mywandern.net\/wp-content\/uploads\/2020\/07\/IMG_4764-1024x768.jpg\" alt=\"\" data-id=\"354\" data-full-url=\"https:\/\/mywandern.net\/wp-content\/uploads\/2020\/07\/IMG_4764.jpg\" data-link=\"https:\/\/mywandern.net\/index.php\/2020\/06\/27\/wendener-rundweg-2-tages-tour\/img_4764\/\" class=\"wp-image-354\" srcset=\"https:\/\/mywandern.net\/wp-content\/uploads\/2020\/07\/IMG_4764-1024x768.jpg 1024w, https:\/\/mywandern.net\/wp-content\/uploads\/2020\/07\/IMG_4764-300x225.jpg 300w, https:\/\/mywandern.net\/wp-content\/uploads\/2020\/07\/IMG_4764-768x576.jpg 768w, https:\/\/mywandern.net\/wp-content\/uploads\/2020\/07\/IMG_4764-80x60.jpg 80w, https:\/\/mywandern.net\/wp-content\/uploads\/2020\/07\/IMG_4764.jpg 1200w\" sizes=\"auto, (max-width: 1024px) 100vw, 1024px\" \/><\/a><\/figure><\/li><li class=\"blocks-gallery-item\"><figure><a href=\"https:\/\/mywandern.net\/wp-content\/uploads\/2020\/07\/IMG_4765.jpg\"><img loading=\"lazy\" decoding=\"async\" width=\"768\" height=\"1024\" src=\"https:\/\/mywandern.net\/wp-content\/uploads\/2020\/07\/IMG_4765-768x1024.jpg\" alt=\"\" data-id=\"355\" data-full-url=\"https:\/\/mywandern.net\/wp-content\/uploads\/2020\/07\/IMG_4765.jpg\" data-link=\"https:\/\/mywandern.net\/index.php\/2020\/06\/27\/wendener-rundweg-2-tages-tour\/img_4765\/\" class=\"wp-image-355\" srcset=\"https:\/\/mywandern.net\/wp-content\/uploads\/2020\/07\/IMG_4765-768x1024.jpg 768w, https:\/\/mywandern.net\/wp-content\/uploads\/2020\/07\/IMG_4765-225x300.jpg 225w, https:\/\/mywandern.net\/wp-content\/uploads\/2020\/07\/IMG_4765-1152x1536.jpg 1152w, https:\/\/mywandern.net\/wp-content\/uploads\/2020\/07\/IMG_4765-45x60.jpg 45w, https:\/\/mywandern.net\/wp-content\/uploads\/2020\/07\/IMG_4765.jpg 1200w\" sizes=\"auto, (max-width: 768px) 100vw, 768px\" \/><\/a><\/figure><\/li><li class=\"blocks-gallery-item\"><figure><a href=\"https:\/\/mywandern.net\/wp-content\/uploads\/2020\/07\/IMG_4766.jpg\"><img loading=\"lazy\" decoding=\"async\" width=\"768\" height=\"1024\" src=\"https:\/\/mywandern.net\/wp-content\/uploads\/2020\/07\/IMG_4766-768x1024.jpg\" alt=\"\" data-id=\"356\" data-full-url=\"https:\/\/mywandern.net\/wp-content\/uploads\/2020\/07\/IMG_4766.jpg\" data-link=\"https:\/\/mywandern.net\/index.php\/2020\/06\/27\/wendener-rundweg-2-tages-tour\/img_4766\/\" class=\"wp-image-356\" srcset=\"https:\/\/mywandern.net\/wp-content\/uploads\/2020\/07\/IMG_4766-768x1024.jpg 768w, https:\/\/mywandern.net\/wp-content\/uploads\/2020\/07\/IMG_4766-225x300.jpg 225w, https:\/\/mywandern.net\/wp-content\/uploads\/2020\/07\/IMG_4766-1152x1536.jpg 1152w, https:\/\/mywandern.net\/wp-content\/uploads\/2020\/07\/IMG_4766-45x60.jpg 45w, https:\/\/mywandern.net\/wp-content\/uploads\/2020\/07\/IMG_4766.jpg 1200w\" sizes=\"auto, (max-width: 768px) 100vw, 768px\" \/><\/a><\/figure><\/li><li class=\"blocks-gallery-item\"><figure><a href=\"https:\/\/mywandern.net\/wp-content\/uploads\/2020\/07\/IMG_4767.jpg\"><img loading=\"lazy\" decoding=\"async\" width=\"1024\" height=\"768\" src=\"https:\/\/mywandern.net\/wp-content\/uploads\/2020\/07\/IMG_4767-1024x768.jpg\" alt=\"\" data-id=\"357\" data-full-url=\"https:\/\/mywandern.net\/wp-content\/uploads\/2020\/07\/IMG_4767.jpg\" data-link=\"https:\/\/mywandern.net\/index.php\/2020\/06\/27\/wendener-rundweg-2-tages-tour\/img_4767\/\" class=\"wp-image-357\" srcset=\"https:\/\/mywandern.net\/wp-content\/uploads\/2020\/07\/IMG_4767-1024x768.jpg 1024w, https:\/\/mywandern.net\/wp-content\/uploads\/2020\/07\/IMG_4767-300x225.jpg 300w, https:\/\/mywandern.net\/wp-content\/uploads\/2020\/07\/IMG_4767-768x576.jpg 768w, https:\/\/mywandern.net\/wp-content\/uploads\/2020\/07\/IMG_4767-80x60.jpg 80w, https:\/\/mywandern.net\/wp-content\/uploads\/2020\/07\/IMG_4767.jpg 1200w\" sizes=\"auto, (max-width: 1024px) 100vw, 1024px\" \/><\/a><\/figure><\/li><li class=\"blocks-gallery-item\"><figure><a href=\"https:\/\/mywandern.net\/wp-content\/uploads\/2020\/07\/IMG_4768.jpg\"><img loading=\"lazy\" decoding=\"async\" width=\"1024\" height=\"768\" src=\"https:\/\/mywandern.net\/wp-content\/uploads\/2020\/07\/IMG_4768-1024x768.jpg\" alt=\"\" data-id=\"358\" data-full-url=\"https:\/\/mywandern.net\/wp-content\/uploads\/2020\/07\/IMG_4768.jpg\" data-link=\"https:\/\/mywandern.net\/index.php\/2020\/06\/27\/wendener-rundweg-2-tages-tour\/img_4768\/\" class=\"wp-image-358\" srcset=\"https:\/\/mywandern.net\/wp-content\/uploads\/2020\/07\/IMG_4768-1024x768.jpg 1024w, https:\/\/mywandern.net\/wp-content\/uploads\/2020\/07\/IMG_4768-300x225.jpg 300w, https:\/\/mywandern.net\/wp-content\/uploads\/2020\/07\/IMG_4768-768x576.jpg 768w, https:\/\/mywandern.net\/wp-content\/uploads\/2020\/07\/IMG_4768-80x60.jpg 80w, https:\/\/mywandern.net\/wp-content\/uploads\/2020\/07\/IMG_4768.jpg 1200w\" sizes=\"auto, (max-width: 1024px) 100vw, 1024px\" \/><\/a><\/figure><\/li><li class=\"blocks-gallery-item\"><figure><a href=\"https:\/\/mywandern.net\/wp-content\/uploads\/2020\/07\/IMG_4769.jpg\"><img loading=\"lazy\" decoding=\"async\" width=\"1024\" height=\"768\" src=\"https:\/\/mywandern.net\/wp-content\/uploads\/2020\/07\/IMG_4769-1024x768.jpg\" alt=\"\" data-id=\"359\" data-full-url=\"https:\/\/mywandern.net\/wp-content\/uploads\/2020\/07\/IMG_4769.jpg\" data-link=\"https:\/\/mywandern.net\/index.php\/2020\/06\/27\/wendener-rundweg-2-tages-tour\/img_4769\/\" class=\"wp-image-359\" srcset=\"https:\/\/mywandern.net\/wp-content\/uploads\/2020\/07\/IMG_4769-1024x768.jpg 1024w, https:\/\/mywandern.net\/wp-content\/uploads\/2020\/07\/IMG_4769-300x225.jpg 300w, https:\/\/mywandern.net\/wp-content\/uploads\/2020\/07\/IMG_4769-768x576.jpg 768w, https:\/\/mywandern.net\/wp-content\/uploads\/2020\/07\/IMG_4769-80x60.jpg 80w, https:\/\/mywandern.net\/wp-content\/uploads\/2020\/07\/IMG_4769.jpg 1200w\" sizes=\"auto, (max-width: 1024px) 100vw, 1024px\" \/><\/a><\/figure><\/li><li class=\"blocks-gallery-item\"><figure><a href=\"https:\/\/mywandern.net\/wp-content\/uploads\/2020\/07\/IMG_4770.jpg\"><img loading=\"lazy\" decoding=\"async\" width=\"1024\" height=\"768\" src=\"https:\/\/mywandern.net\/wp-content\/uploads\/2020\/07\/IMG_4770-1024x768.jpg\" alt=\"\" data-id=\"360\" data-full-url=\"https:\/\/mywandern.net\/wp-content\/uploads\/2020\/07\/IMG_4770.jpg\" data-link=\"https:\/\/mywandern.net\/index.php\/2020\/06\/27\/wendener-rundweg-2-tages-tour\/img_4770\/\" class=\"wp-image-360\" srcset=\"https:\/\/mywandern.net\/wp-content\/uploads\/2020\/07\/IMG_4770-1024x768.jpg 1024w, https:\/\/mywandern.net\/wp-content\/uploads\/2020\/07\/IMG_4770-300x225.jpg 300w, https:\/\/mywandern.net\/wp-content\/uploads\/2020\/07\/IMG_4770-768x576.jpg 768w, https:\/\/mywandern.net\/wp-content\/uploads\/2020\/07\/IMG_4770-80x60.jpg 80w, https:\/\/mywandern.net\/wp-content\/uploads\/2020\/07\/IMG_4770.jpg 1200w\" sizes=\"auto, (max-width: 1024px) 100vw, 1024px\" \/><\/a><\/figure><\/li><li class=\"blocks-gallery-item\"><figure><a href=\"https:\/\/mywandern.net\/wp-content\/uploads\/2020\/07\/IMG_4771.jpg\"><img loading=\"lazy\" decoding=\"async\" width=\"1024\" height=\"768\" src=\"https:\/\/mywandern.net\/wp-content\/uploads\/2020\/07\/IMG_4771-1024x768.jpg\" alt=\"\" data-id=\"361\" data-full-url=\"https:\/\/mywandern.net\/wp-content\/uploads\/2020\/07\/IMG_4771.jpg\" data-link=\"https:\/\/mywandern.net\/index.php\/2020\/06\/27\/wendener-rundweg-2-tages-tour\/img_4771\/\" class=\"wp-image-361\" srcset=\"https:\/\/mywandern.net\/wp-content\/uploads\/2020\/07\/IMG_4771-1024x768.jpg 1024w, https:\/\/mywandern.net\/wp-content\/uploads\/2020\/07\/IMG_4771-300x225.jpg 300w, https:\/\/mywandern.net\/wp-content\/uploads\/2020\/07\/IMG_4771-768x576.jpg 768w, https:\/\/mywandern.net\/wp-content\/uploads\/2020\/07\/IMG_4771-80x60.jpg 80w, https:\/\/mywandern.net\/wp-content\/uploads\/2020\/07\/IMG_4771.jpg 1200w\" sizes=\"auto, (max-width: 1024px) 100vw, 1024px\" \/><\/a><\/figure><\/li><li class=\"blocks-gallery-item\"><figure><a href=\"https:\/\/mywandern.net\/wp-content\/uploads\/2020\/07\/IMG_4772.jpg\"><img loading=\"lazy\" decoding=\"async\" width=\"768\" height=\"1024\" src=\"https:\/\/mywandern.net\/wp-content\/uploads\/2020\/07\/IMG_4772-768x1024.jpg\" alt=\"\" data-id=\"362\" data-full-url=\"https:\/\/mywandern.net\/wp-content\/uploads\/2020\/07\/IMG_4772.jpg\" data-link=\"https:\/\/mywandern.net\/index.php\/2020\/06\/27\/wendener-rundweg-2-tages-tour\/img_4772\/\" class=\"wp-image-362\" srcset=\"https:\/\/mywandern.net\/wp-content\/uploads\/2020\/07\/IMG_4772-768x1024.jpg 768w, https:\/\/mywandern.net\/wp-content\/uploads\/2020\/07\/IMG_4772-225x300.jpg 225w, https:\/\/mywandern.net\/wp-content\/uploads\/2020\/07\/IMG_4772-1152x1536.jpg 1152w, https:\/\/mywandern.net\/wp-content\/uploads\/2020\/07\/IMG_4772-45x60.jpg 45w, https:\/\/mywandern.net\/wp-content\/uploads\/2020\/07\/IMG_4772.jpg 1200w\" sizes=\"auto, (max-width: 768px) 100vw, 768px\" \/><\/a><\/figure><\/li><li class=\"blocks-gallery-item\"><figure><a href=\"https:\/\/mywandern.net\/wp-content\/uploads\/2020\/07\/IMG_4773.jpg\"><img loading=\"lazy\" decoding=\"async\" width=\"768\" height=\"1024\" src=\"https:\/\/mywandern.net\/wp-content\/uploads\/2020\/07\/IMG_4773-768x1024.jpg\" alt=\"\" data-id=\"363\" data-full-url=\"https:\/\/mywandern.net\/wp-content\/uploads\/2020\/07\/IMG_4773.jpg\" data-link=\"https:\/\/mywandern.net\/index.php\/2020\/06\/27\/wendener-rundweg-2-tages-tour\/img_4773\/\" class=\"wp-image-363\" srcset=\"https:\/\/mywandern.net\/wp-content\/uploads\/2020\/07\/IMG_4773-768x1024.jpg 768w, https:\/\/mywandern.net\/wp-content\/uploads\/2020\/07\/IMG_4773-225x300.jpg 225w, https:\/\/mywandern.net\/wp-content\/uploads\/2020\/07\/IMG_4773-1152x1536.jpg 1152w, https:\/\/mywandern.net\/wp-content\/uploads\/2020\/07\/IMG_4773-45x60.jpg 45w, https:\/\/mywandern.net\/wp-content\/uploads\/2020\/07\/IMG_4773.jpg 1200w\" sizes=\"auto, (max-width: 768px) 100vw, 768px\" \/><\/a><\/figure><\/li><li class=\"blocks-gallery-item\"><figure><a href=\"https:\/\/mywandern.net\/wp-content\/uploads\/2020\/07\/IMG_4774.jpg\"><img loading=\"lazy\" decoding=\"async\" width=\"768\" height=\"1024\" src=\"https:\/\/mywandern.net\/wp-content\/uploads\/2020\/07\/IMG_4774-768x1024.jpg\" alt=\"\" data-id=\"364\" data-full-url=\"https:\/\/mywandern.net\/wp-content\/uploads\/2020\/07\/IMG_4774.jpg\" data-link=\"https:\/\/mywandern.net\/index.php\/2020\/06\/27\/wendener-rundweg-2-tages-tour\/img_4774\/\" class=\"wp-image-364\" srcset=\"https:\/\/mywandern.net\/wp-content\/uploads\/2020\/07\/IMG_4774-768x1024.jpg 768w, https:\/\/mywandern.net\/wp-content\/uploads\/2020\/07\/IMG_4774-225x300.jpg 225w, https:\/\/mywandern.net\/wp-content\/uploads\/2020\/07\/IMG_4774-1152x1536.jpg 1152w, https:\/\/mywandern.net\/wp-content\/uploads\/2020\/07\/IMG_4774-45x60.jpg 45w, https:\/\/mywandern.net\/wp-content\/uploads\/2020\/07\/IMG_4774.jpg 1200w\" sizes=\"auto, (max-width: 768px) 100vw, 768px\" \/><\/a><\/figure><\/li><li class=\"blocks-gallery-item\"><figure><a href=\"https:\/\/mywandern.net\/wp-content\/uploads\/2020\/07\/IMG_4775.jpg\"><img loading=\"lazy\" decoding=\"async\" width=\"1024\" height=\"768\" src=\"https:\/\/mywandern.net\/wp-content\/uploads\/2020\/07\/IMG_4775-1024x768.jpg\" alt=\"\" data-id=\"365\" data-full-url=\"https:\/\/mywandern.net\/wp-content\/uploads\/2020\/07\/IMG_4775.jpg\" data-link=\"https:\/\/mywandern.net\/index.php\/2020\/06\/27\/wendener-rundweg-2-tages-tour\/img_4775\/\" class=\"wp-image-365\" srcset=\"https:\/\/mywandern.net\/wp-content\/uploads\/2020\/07\/IMG_4775-1024x768.jpg 1024w, https:\/\/mywandern.net\/wp-content\/uploads\/2020\/07\/IMG_4775-300x225.jpg 300w, https:\/\/mywandern.net\/wp-content\/uploads\/2020\/07\/IMG_4775-768x576.jpg 768w, https:\/\/mywandern.net\/wp-content\/uploads\/2020\/07\/IMG_4775-80x60.jpg 80w, https:\/\/mywandern.net\/wp-content\/uploads\/2020\/07\/IMG_4775.jpg 1200w\" sizes=\"auto, (max-width: 1024px) 100vw, 1024px\" \/><\/a><\/figure><\/li><li class=\"blocks-gallery-item\"><figure><a href=\"https:\/\/mywandern.net\/wp-content\/uploads\/2020\/07\/IMG_4776.jpg\"><img loading=\"lazy\" decoding=\"async\" width=\"1024\" height=\"768\" src=\"https:\/\/mywandern.net\/wp-content\/uploads\/2020\/07\/IMG_4776-1024x768.jpg\" alt=\"\" data-id=\"366\" data-full-url=\"https:\/\/mywandern.net\/wp-content\/uploads\/2020\/07\/IMG_4776.jpg\" data-link=\"https:\/\/mywandern.net\/index.php\/2020\/06\/27\/wendener-rundweg-2-tages-tour\/img_4776\/\" class=\"wp-image-366\" srcset=\"https:\/\/mywandern.net\/wp-content\/uploads\/2020\/07\/IMG_4776-1024x768.jpg 1024w, https:\/\/mywandern.net\/wp-content\/uploads\/2020\/07\/IMG_4776-300x225.jpg 300w, https:\/\/mywandern.net\/wp-content\/uploads\/2020\/07\/IMG_4776-768x576.jpg 768w, https:\/\/mywandern.net\/wp-content\/uploads\/2020\/07\/IMG_4776-80x60.jpg 80w, https:\/\/mywandern.net\/wp-content\/uploads\/2020\/07\/IMG_4776.jpg 1200w\" sizes=\"auto, (max-width: 1024px) 100vw, 1024px\" \/><\/a><\/figure><\/li><li class=\"blocks-gallery-item\"><figure><a href=\"https:\/\/mywandern.net\/wp-content\/uploads\/2020\/07\/IMG_4777.jpg\"><img loading=\"lazy\" decoding=\"async\" width=\"1024\" height=\"768\" src=\"https:\/\/mywandern.net\/wp-content\/uploads\/2020\/07\/IMG_4777-1024x768.jpg\" alt=\"\" data-id=\"367\" data-full-url=\"https:\/\/mywandern.net\/wp-content\/uploads\/2020\/07\/IMG_4777.jpg\" data-link=\"https:\/\/mywandern.net\/index.php\/2020\/06\/27\/wendener-rundweg-2-tages-tour\/img_4777\/\" class=\"wp-image-367\" srcset=\"https:\/\/mywandern.net\/wp-content\/uploads\/2020\/07\/IMG_4777-1024x768.jpg 1024w, https:\/\/mywandern.net\/wp-content\/uploads\/2020\/07\/IMG_4777-300x225.jpg 300w, https:\/\/mywandern.net\/wp-content\/uploads\/2020\/07\/IMG_4777-768x576.jpg 768w, https:\/\/mywandern.net\/wp-content\/uploads\/2020\/07\/IMG_4777-80x60.jpg 80w, https:\/\/mywandern.net\/wp-content\/uploads\/2020\/07\/IMG_4777.jpg 1200w\" sizes=\"auto, (max-width: 1024px) 100vw, 1024px\" \/><\/a><\/figure><\/li><li class=\"blocks-gallery-item\"><figure><a href=\"https:\/\/mywandern.net\/wp-content\/uploads\/2020\/07\/IMG_4778.jpg\"><img loading=\"lazy\" decoding=\"async\" width=\"1024\" height=\"768\" src=\"https:\/\/mywandern.net\/wp-content\/uploads\/2020\/07\/IMG_4778-1024x768.jpg\" alt=\"\" data-id=\"368\" data-full-url=\"https:\/\/mywandern.net\/wp-content\/uploads\/2020\/07\/IMG_4778.jpg\" data-link=\"https:\/\/mywandern.net\/index.php\/2020\/06\/27\/wendener-rundweg-2-tages-tour\/img_4778\/\" class=\"wp-image-368\" srcset=\"https:\/\/mywandern.net\/wp-content\/uploads\/2020\/07\/IMG_4778-1024x768.jpg 1024w, https:\/\/mywandern.net\/wp-content\/uploads\/2020\/07\/IMG_4778-300x225.jpg 300w, https:\/\/mywandern.net\/wp-content\/uploads\/2020\/07\/IMG_4778-768x576.jpg 768w, https:\/\/mywandern.net\/wp-content\/uploads\/2020\/07\/IMG_4778-80x60.jpg 80w, https:\/\/mywandern.net\/wp-content\/uploads\/2020\/07\/IMG_4778.jpg 1200w\" sizes=\"auto, (max-width: 1024px) 100vw, 1024px\" \/><\/a><\/figure><\/li><li class=\"blocks-gallery-item\"><figure><a href=\"https:\/\/mywandern.net\/wp-content\/uploads\/2020\/07\/IMG_4779.jpg\"><img loading=\"lazy\" decoding=\"async\" width=\"1024\" height=\"768\" src=\"https:\/\/mywandern.net\/wp-content\/uploads\/2020\/07\/IMG_4779-1024x768.jpg\" alt=\"\" data-id=\"369\" data-full-url=\"https:\/\/mywandern.net\/wp-content\/uploads\/2020\/07\/IMG_4779.jpg\" data-link=\"https:\/\/mywandern.net\/index.php\/2020\/06\/27\/wendener-rundweg-2-tages-tour\/img_4779\/\" class=\"wp-image-369\" srcset=\"https:\/\/mywandern.net\/wp-content\/uploads\/2020\/07\/IMG_4779-1024x768.jpg 1024w, https:\/\/mywandern.net\/wp-content\/uploads\/2020\/07\/IMG_4779-300x225.jpg 300w, https:\/\/mywandern.net\/wp-content\/uploads\/2020\/07\/IMG_4779-768x576.jpg 768w, https:\/\/mywandern.net\/wp-content\/uploads\/2020\/07\/IMG_4779-80x60.jpg 80w, https:\/\/mywandern.net\/wp-content\/uploads\/2020\/07\/IMG_4779.jpg 1200w\" sizes=\"auto, (max-width: 1024px) 100vw, 1024px\" \/><\/a><\/figure><\/li><li class=\"blocks-gallery-item\"><figure><a href=\"https:\/\/mywandern.net\/wp-content\/uploads\/2020\/07\/IMG_4780.jpg\"><img loading=\"lazy\" decoding=\"async\" width=\"1024\" height=\"768\" src=\"https:\/\/mywandern.net\/wp-content\/uploads\/2020\/07\/IMG_4780-1024x768.jpg\" alt=\"\" data-id=\"370\" data-full-url=\"https:\/\/mywandern.net\/wp-content\/uploads\/2020\/07\/IMG_4780.jpg\" data-link=\"https:\/\/mywandern.net\/index.php\/2020\/06\/27\/wendener-rundweg-2-tages-tour\/img_4780\/\" class=\"wp-image-370\" srcset=\"https:\/\/mywandern.net\/wp-content\/uploads\/2020\/07\/IMG_4780-1024x768.jpg 1024w, https:\/\/mywandern.net\/wp-content\/uploads\/2020\/07\/IMG_4780-300x225.jpg 300w, https:\/\/mywandern.net\/wp-content\/uploads\/2020\/07\/IMG_4780-768x576.jpg 768w, https:\/\/mywandern.net\/wp-content\/uploads\/2020\/07\/IMG_4780-80x60.jpg 80w, https:\/\/mywandern.net\/wp-content\/uploads\/2020\/07\/IMG_4780.jpg 1200w\" sizes=\"auto, (max-width: 1024px) 100vw, 1024px\" \/><\/a><\/figure><\/li><li class=\"blocks-gallery-item\"><figure><a href=\"https:\/\/mywandern.net\/wp-content\/uploads\/2020\/07\/IMG_4781.jpg\"><img loading=\"lazy\" decoding=\"async\" width=\"1024\" height=\"768\" src=\"https:\/\/mywandern.net\/wp-content\/uploads\/2020\/07\/IMG_4781-1024x768.jpg\" alt=\"\" data-id=\"371\" data-full-url=\"https:\/\/mywandern.net\/wp-content\/uploads\/2020\/07\/IMG_4781.jpg\" data-link=\"https:\/\/mywandern.net\/index.php\/2020\/06\/27\/wendener-rundweg-2-tages-tour\/img_4781\/\" class=\"wp-image-371\" srcset=\"https:\/\/mywandern.net\/wp-content\/uploads\/2020\/07\/IMG_4781-1024x768.jpg 1024w, https:\/\/mywandern.net\/wp-content\/uploads\/2020\/07\/IMG_4781-300x225.jpg 300w, https:\/\/mywandern.net\/wp-content\/uploads\/2020\/07\/IMG_4781-768x576.jpg 768w, https:\/\/mywandern.net\/wp-content\/uploads\/2020\/07\/IMG_4781-80x60.jpg 80w, https:\/\/mywandern.net\/wp-content\/uploads\/2020\/07\/IMG_4781.jpg 1200w\" sizes=\"auto, (max-width: 1024px) 100vw, 1024px\" \/><\/a><\/figure><\/li><li class=\"blocks-gallery-item\"><figure><a href=\"https:\/\/mywandern.net\/wp-content\/uploads\/2020\/07\/IMG_4782.jpg\"><img loading=\"lazy\" decoding=\"async\" width=\"1024\" height=\"768\" src=\"https:\/\/mywandern.net\/wp-content\/uploads\/2020\/07\/IMG_4782-1024x768.jpg\" alt=\"\" data-id=\"372\" data-full-url=\"https:\/\/mywandern.net\/wp-content\/uploads\/2020\/07\/IMG_4782.jpg\" data-link=\"https:\/\/mywandern.net\/index.php\/2020\/06\/27\/wendener-rundweg-2-tages-tour\/img_4782\/\" class=\"wp-image-372\" srcset=\"https:\/\/mywandern.net\/wp-content\/uploads\/2020\/07\/IMG_4782-1024x768.jpg 1024w, https:\/\/mywandern.net\/wp-content\/uploads\/2020\/07\/IMG_4782-300x225.jpg 300w, https:\/\/mywandern.net\/wp-content\/uploads\/2020\/07\/IMG_4782-768x576.jpg 768w, https:\/\/mywandern.net\/wp-content\/uploads\/2020\/07\/IMG_4782-80x60.jpg 80w, https:\/\/mywandern.net\/wp-content\/uploads\/2020\/07\/IMG_4782.jpg 1200w\" sizes=\"auto, (max-width: 1024px) 100vw, 1024px\" \/><\/a><\/figure><\/li><li class=\"blocks-gallery-item\"><figure><a href=\"https:\/\/mywandern.net\/wp-content\/uploads\/2020\/07\/IMG_4783.jpg\"><img loading=\"lazy\" decoding=\"async\" width=\"768\" height=\"1024\" src=\"https:\/\/mywandern.net\/wp-content\/uploads\/2020\/07\/IMG_4783-768x1024.jpg\" alt=\"\" data-id=\"373\" data-full-url=\"https:\/\/mywandern.net\/wp-content\/uploads\/2020\/07\/IMG_4783.jpg\" data-link=\"https:\/\/mywandern.net\/index.php\/2020\/06\/27\/wendener-rundweg-2-tages-tour\/img_4783\/\" class=\"wp-image-373\" srcset=\"https:\/\/mywandern.net\/wp-content\/uploads\/2020\/07\/IMG_4783-768x1024.jpg 768w, https:\/\/mywandern.net\/wp-content\/uploads\/2020\/07\/IMG_4783-225x300.jpg 225w, https:\/\/mywandern.net\/wp-content\/uploads\/2020\/07\/IMG_4783-1152x1536.jpg 1152w, https:\/\/mywandern.net\/wp-content\/uploads\/2020\/07\/IMG_4783-45x60.jpg 45w, https:\/\/mywandern.net\/wp-content\/uploads\/2020\/07\/IMG_4783.jpg 1200w\" sizes=\"auto, (max-width: 768px) 100vw, 768px\" \/><\/a><\/figure><\/li><li class=\"blocks-gallery-item\"><figure><a href=\"https:\/\/mywandern.net\/wp-content\/uploads\/2020\/07\/IMG_4784.jpg\"><img loading=\"lazy\" decoding=\"async\" width=\"1024\" height=\"768\" src=\"https:\/\/mywandern.net\/wp-content\/uploads\/2020\/07\/IMG_4784-1024x768.jpg\" alt=\"\" data-id=\"374\" data-full-url=\"https:\/\/mywandern.net\/wp-content\/uploads\/2020\/07\/IMG_4784.jpg\" data-link=\"https:\/\/mywandern.net\/index.php\/2020\/06\/27\/wendener-rundweg-2-tages-tour\/img_4784\/\" class=\"wp-image-374\" srcset=\"https:\/\/mywandern.net\/wp-content\/uploads\/2020\/07\/IMG_4784-1024x768.jpg 1024w, https:\/\/mywandern.net\/wp-content\/uploads\/2020\/07\/IMG_4784-300x225.jpg 300w, https:\/\/mywandern.net\/wp-content\/uploads\/2020\/07\/IMG_4784-768x576.jpg 768w, https:\/\/mywandern.net\/wp-content\/uploads\/2020\/07\/IMG_4784-80x60.jpg 80w, https:\/\/mywandern.net\/wp-content\/uploads\/2020\/07\/IMG_4784.jpg 1200w\" sizes=\"auto, (max-width: 1024px) 100vw, 1024px\" \/><\/a><\/figure><\/li><li class=\"blocks-gallery-item\"><figure><a href=\"https:\/\/mywandern.net\/wp-content\/uploads\/2020\/07\/IMG_4786.jpg\"><img loading=\"lazy\" decoding=\"async\" width=\"1024\" height=\"768\" src=\"https:\/\/mywandern.net\/wp-content\/uploads\/2020\/07\/IMG_4786-1024x768.jpg\" alt=\"\" data-id=\"375\" data-full-url=\"https:\/\/mywandern.net\/wp-content\/uploads\/2020\/07\/IMG_4786.jpg\" data-link=\"https:\/\/mywandern.net\/index.php\/2020\/06\/27\/wendener-rundweg-2-tages-tour\/img_4786\/\" class=\"wp-image-375\" srcset=\"https:\/\/mywandern.net\/wp-content\/uploads\/2020\/07\/IMG_4786-1024x768.jpg 1024w, https:\/\/mywandern.net\/wp-content\/uploads\/2020\/07\/IMG_4786-300x225.jpg 300w, https:\/\/mywandern.net\/wp-content\/uploads\/2020\/07\/IMG_4786-768x576.jpg 768w, https:\/\/mywandern.net\/wp-content\/uploads\/2020\/07\/IMG_4786-80x60.jpg 80w, https:\/\/mywandern.net\/wp-content\/uploads\/2020\/07\/IMG_4786.jpg 1200w\" sizes=\"auto, (max-width: 1024px) 100vw, 1024px\" \/><\/a><\/figure><\/li><li class=\"blocks-gallery-item\"><figure><a href=\"https:\/\/mywandern.net\/wp-content\/uploads\/2020\/07\/IMG_4787.jpg\"><img loading=\"lazy\" decoding=\"async\" width=\"1024\" height=\"768\" src=\"https:\/\/mywandern.net\/wp-content\/uploads\/2020\/07\/IMG_4787-1024x768.jpg\" alt=\"\" data-id=\"376\" data-full-url=\"https:\/\/mywandern.net\/wp-content\/uploads\/2020\/07\/IMG_4787.jpg\" data-link=\"https:\/\/mywandern.net\/index.php\/2020\/06\/27\/wendener-rundweg-2-tages-tour\/img_4787\/\" class=\"wp-image-376\" srcset=\"https:\/\/mywandern.net\/wp-content\/uploads\/2020\/07\/IMG_4787-1024x768.jpg 1024w, https:\/\/mywandern.net\/wp-content\/uploads\/2020\/07\/IMG_4787-300x225.jpg 300w, https:\/\/mywandern.net\/wp-content\/uploads\/2020\/07\/IMG_4787-768x576.jpg 768w, https:\/\/mywandern.net\/wp-content\/uploads\/2020\/07\/IMG_4787-80x60.jpg 80w, https:\/\/mywandern.net\/wp-content\/uploads\/2020\/07\/IMG_4787.jpg 1200w\" sizes=\"auto, (max-width: 1024px) 100vw, 1024px\" \/><\/a><\/figure><\/li><li class=\"blocks-gallery-item\"><figure><a href=\"https:\/\/mywandern.net\/wp-content\/uploads\/2020\/07\/IMG_4788.jpg\"><img loading=\"lazy\" decoding=\"async\" width=\"768\" height=\"1024\" src=\"https:\/\/mywandern.net\/wp-content\/uploads\/2020\/07\/IMG_4788-768x1024.jpg\" alt=\"\" data-id=\"377\" data-full-url=\"https:\/\/mywandern.net\/wp-content\/uploads\/2020\/07\/IMG_4788.jpg\" data-link=\"https:\/\/mywandern.net\/index.php\/2020\/06\/27\/wendener-rundweg-2-tages-tour\/img_4788\/\" class=\"wp-image-377\" srcset=\"https:\/\/mywandern.net\/wp-content\/uploads\/2020\/07\/IMG_4788-768x1024.jpg 768w, https:\/\/mywandern.net\/wp-content\/uploads\/2020\/07\/IMG_4788-225x300.jpg 225w, https:\/\/mywandern.net\/wp-content\/uploads\/2020\/07\/IMG_4788-1152x1536.jpg 1152w, https:\/\/mywandern.net\/wp-content\/uploads\/2020\/07\/IMG_4788-45x60.jpg 45w, https:\/\/mywandern.net\/wp-content\/uploads\/2020\/07\/IMG_4788.jpg 1200w\" sizes=\"auto, (max-width: 768px) 100vw, 768px\" \/><\/a><\/figure><\/li><li class=\"blocks-gallery-item\"><figure><a href=\"https:\/\/mywandern.net\/wp-content\/uploads\/2020\/07\/IMG_4789.jpg\"><img loading=\"lazy\" decoding=\"async\" width=\"1024\" height=\"282\" src=\"https:\/\/mywandern.net\/wp-content\/uploads\/2020\/07\/IMG_4789-1024x282.jpg\" alt=\"\" data-id=\"378\" data-full-url=\"https:\/\/mywandern.net\/wp-content\/uploads\/2020\/07\/IMG_4789.jpg\" data-link=\"https:\/\/mywandern.net\/index.php\/2020\/06\/27\/wendener-rundweg-2-tages-tour\/img_4789\/\" class=\"wp-image-378\" srcset=\"https:\/\/mywandern.net\/wp-content\/uploads\/2020\/07\/IMG_4789-1024x282.jpg 1024w, https:\/\/mywandern.net\/wp-content\/uploads\/2020\/07\/IMG_4789-300x83.jpg 300w, https:\/\/mywandern.net\/wp-content\/uploads\/2020\/07\/IMG_4789-768x211.jpg 768w, https:\/\/mywandern.net\/wp-content\/uploads\/2020\/07\/IMG_4789-218x60.jpg 218w, https:\/\/mywandern.net\/wp-content\/uploads\/2020\/07\/IMG_4789.jpg 1200w\" sizes=\"auto, (max-width: 1024px) 100vw, 1024px\" \/><\/a><\/figure><\/li><li class=\"blocks-gallery-item\"><figure><a href=\"https:\/\/mywandern.net\/wp-content\/uploads\/2020\/07\/IMG_4790.jpg\"><img loading=\"lazy\" decoding=\"async\" width=\"1024\" height=\"253\" src=\"https:\/\/mywandern.net\/wp-content\/uploads\/2020\/07\/IMG_4790-1024x253.jpg\" alt=\"\" data-id=\"379\" data-full-url=\"https:\/\/mywandern.net\/wp-content\/uploads\/2020\/07\/IMG_4790.jpg\" data-link=\"https:\/\/mywandern.net\/index.php\/2020\/06\/27\/wendener-rundweg-2-tages-tour\/img_4790\/\" class=\"wp-image-379\" srcset=\"https:\/\/mywandern.net\/wp-content\/uploads\/2020\/07\/IMG_4790-1024x253.jpg 1024w, https:\/\/mywandern.net\/wp-content\/uploads\/2020\/07\/IMG_4790-300x74.jpg 300w, https:\/\/mywandern.net\/wp-content\/uploads\/2020\/07\/IMG_4790-768x190.jpg 768w, https:\/\/mywandern.net\/wp-content\/uploads\/2020\/07\/IMG_4790-242x60.jpg 242w, https:\/\/mywandern.net\/wp-content\/uploads\/2020\/07\/IMG_4790.jpg 1200w\" sizes=\"auto, (max-width: 1024px) 100vw, 1024px\" \/><\/a><\/figure><\/li><\/ul><\/figure>\n<\/div><\/div>\n\n\n\n<p><\/p>\n","protected":false},"excerpt":{"rendered":"<p>Der Wendener Rundweg verl\u00e4uft komplett um das &#8222;Wendscher Land&#8220;, wurde durch den Sauerl\u00e4ndischen Gebirgsverein (SGV) konzipiert und auch sehr gut mit einem (W) markiert. Wenden liegt im S\u00fcdteil des Sauerlandes innerhalb des&nbsp;Naturparks Sauerland-Rothaargebirge. Die Gemeinde war von seiner Grenzlage gepr\u00e4gt. Bei Wenden grenzten das k\u00f6lnische Sauerland und das nassauische&nbsp;Siegerland&nbsp;aneinander. Am Dreiherrenstein bei R\u00f6mershagen stie\u00dfen in &hellip; <\/p>\n","protected":false},"author":1,"featured_media":360,"comment_status":"open","ping_status":"open","sticky":false,"template":"","format":"standard","meta":{"footnotes":""},"categories":[2],"tags":[],"class_list":["post-351","post","type-post","status-publish","format-standard","has-post-thumbnail","hentry","category-wanderungen"],"_links":{"self":[{"href":"https:\/\/mywandern.net\/index.php\/wp-json\/wp\/v2\/posts\/351","targetHints":{"allow":["GET"]}}],"collection":[{"href":"https:\/\/mywandern.net\/index.php\/wp-json\/wp\/v2\/posts"}],"about":[{"href":"https:\/\/mywandern.net\/index.php\/wp-json\/wp\/v2\/types\/post"}],"author":[{"embeddable":true,"href":"https:\/\/mywandern.net\/index.php\/wp-json\/wp\/v2\/users\/1"}],"replies":[{"embeddable":true,"href":"https:\/\/mywandern.net\/index.php\/wp-json\/wp\/v2\/comments?post=351"}],"version-history":[{"count":6,"href":"https:\/\/mywandern.net\/index.php\/wp-json\/wp\/v2\/posts\/351\/revisions"}],"predecessor-version":[{"id":572,"href":"https:\/\/mywandern.net\/index.php\/wp-json\/wp\/v2\/posts\/351\/revisions\/572"}],"wp:featuredmedia":[{"embeddable":true,"href":"https:\/\/mywandern.net\/index.php\/wp-json\/wp\/v2\/media\/360"}],"wp:attachment":[{"href":"https:\/\/mywandern.net\/index.php\/wp-json\/wp\/v2\/media?parent=351"}],"wp:term":[{"taxonomy":"category","embeddable":true,"href":"https:\/\/mywandern.net\/index.php\/wp-json\/wp\/v2\/categories?post=351"},{"taxonomy":"post_tag","embeddable":true,"href":"https:\/\/mywandern.net\/index.php\/wp-json\/wp\/v2\/tags?post=351"}],"curies":[{"name":"wp","href":"https:\/\/api.w.org\/{rel}","templated":true}]}}