{"id":288,"date":"2020-05-09T16:09:00","date_gmt":"2020-05-09T14:09:00","guid":{"rendered":"http:\/\/mywandern.net\/?p=288"},"modified":"2020-07-06T12:50:48","modified_gmt":"2020-07-06T10:50:48","slug":"rundweg-roscheid-nordhelle","status":"publish","type":"post","link":"https:\/\/mywandern.net\/index.php\/2020\/05\/09\/rundweg-roscheid-nordhelle\/","title":{"rendered":"Rundweg Roscheid &#8211; Nordhelle"},"content":{"rendered":"\n<p>Wir wandern den Sauerland-H\u00f6henflug von Roscheid \u00fcber die Spinne zur Nordhelle\/Robert-Kolb Turm und auf einer s\u00fcdlichen Route wieder zur\u00fcck.<br><br>Der Robert-Kolb-Turm steht in der Gemeinde Herscheid auf der 663,3 Meter hohen Nordhelle, auf der schon seit Beginn des 19. Jahrhunderts immer wieder T\u00fcrme erbaut wurden. Einen ersten Turm aus Stein lie\u00df Kaiser Napoleon I. als Tr\u00e4gerstation f\u00fcr eine Spiegeltelegrafielinie errichten, der nach ein paar Jahren verfiel.<\/p>\n\n\n\n<p>Wir wandern den Sauerland-H\u00f6henflug vom Hof Roscheid westw\u00e4rts zur Spinne und weiter zum Robert-Kolb-Turm. Dort angekommen hat man eine sch\u00f6ne Aussicht \u00fcber das Sauerland.<\/p>\n\n\n\n<p>Zur\u00fcck geht es \u00fcber den H\u00f6henweg, wieder \u00fcber die Spinne und dann \u00fcber den S\u00fcdhangweg der Nordhelle, \u00fcber Ebbelinghausen zur\u00fcck nach Hof Roscheid.<br><br>Tipp:<br>Nach der Tour l\u00e4dt Familie Luke auf dem Landgasthof Roscheid zu einem deftigem Mahl mit gutb\u00fcrgerlicher K\u00fcche ein:<br>www.hof-roscheid.de<\/p>\n\n\n\n<p><strong>Details<\/strong><\/p>\n\n\n\n<figure class=\"wp-block-table\"><table class=\"has-subtle-pale-green-background-color has-background\"><tbody><tr><td>Schwierigkeit<\/td><td>mittel<\/td><\/tr><tr><td>Kondition<\/td><td><img loading=\"lazy\" decoding=\"async\" width=\"20\" height=\"25\" class=\"wp-image-301\" style=\"width: 20px;\" src=\"http:\/\/mywandern.net\/wp-content\/uploads\/2020\/07\/wanderer_blau.png\" alt=\"\"><img decoding=\"async\" src=\"http:\/\/mywandern.net\/wp-content\/uploads\/2020\/07\/wanderer_blau.png\" alt=\"\"><img decoding=\"async\" src=\"http:\/\/mywandern.net\/wp-content\/uploads\/2020\/07\/wanderer_blau.png\" alt=\"\"><img loading=\"lazy\" decoding=\"async\" width=\"20\" height=\"25\" class=\"wp-image-298\" style=\"width: 20px;\" src=\"http:\/\/mywandern.net\/wp-content\/uploads\/2020\/07\/wanderer_grau.png\" alt=\"\"><img decoding=\"async\" src=\"http:\/\/mywandern.net\/wp-content\/uploads\/2020\/07\/wanderer_grau.png\" alt=\"\"><\/td><\/tr><tr><td>Erlebnis<\/td><td><img decoding=\"async\" src=\"http:\/\/mywandern.net\/wp-content\/uploads\/2020\/07\/wanderer_blau.png\" alt=\"\"><img decoding=\"async\" src=\"http:\/\/mywandern.net\/wp-content\/uploads\/2020\/07\/wanderer_blau.png\" alt=\"\"><img decoding=\"async\" src=\"http:\/\/mywandern.net\/wp-content\/uploads\/2020\/07\/wanderer_blau.png\" alt=\"\"><img decoding=\"async\" src=\"http:\/\/mywandern.net\/wp-content\/uploads\/2020\/07\/wanderer_grau.png\" alt=\"\"><img decoding=\"async\" src=\"http:\/\/mywandern.net\/wp-content\/uploads\/2020\/07\/wanderer_grau.png\" alt=\"\"><\/td><\/tr><tr><td>Landschaft<\/td><td><img decoding=\"async\" src=\"http:\/\/mywandern.net\/wp-content\/uploads\/2020\/07\/wanderer_blau.png\" alt=\"\"><img decoding=\"async\" src=\"http:\/\/mywandern.net\/wp-content\/uploads\/2020\/07\/wanderer_blau.png\" alt=\"\"><img decoding=\"async\" src=\"http:\/\/mywandern.net\/wp-content\/uploads\/2020\/07\/wanderer_blau.png\" alt=\"\"><img decoding=\"async\" src=\"http:\/\/mywandern.net\/wp-content\/uploads\/2020\/07\/wanderer_blau.png\" alt=\"\"><img decoding=\"async\" src=\"http:\/\/mywandern.net\/wp-content\/uploads\/2020\/07\/wanderer_grau.png\" alt=\"\"><\/td><\/tr><tr><td>Technik<\/td><td><img decoding=\"async\" src=\"http:\/\/mywandern.net\/wp-content\/uploads\/2020\/07\/wanderer_blau.png\" alt=\"\"><img decoding=\"async\" src=\"http:\/\/mywandern.net\/wp-content\/uploads\/2020\/07\/wanderer_grau.png\" alt=\"\"><img decoding=\"async\" src=\"http:\/\/mywandern.net\/wp-content\/uploads\/2020\/07\/wanderer_grau.png\" alt=\"\"><img decoding=\"async\" src=\"http:\/\/mywandern.net\/wp-content\/uploads\/2020\/07\/wanderer_grau.png\" alt=\"\"><img decoding=\"async\" src=\"http:\/\/mywandern.net\/wp-content\/uploads\/2020\/07\/wanderer_grau.png\" alt=\"\"><\/td><\/tr><tr><td>Strecke<\/td><td>19,2 km<\/td><\/tr><tr><td>Dauer<\/td><td>5:25<\/td><\/tr><tr><td>H\u00f6henmeter<\/td><td>381 m<\/td><\/tr><tr><td>Rundweg<\/td><td>ja<\/td><\/tr><tr><td>Bewertung<\/td><td><img decoding=\"async\" src=\"http:\/\/mywandern.net\/wp-content\/uploads\/2020\/07\/wanderer_blau.png\" alt=\"\"><img decoding=\"async\" src=\"http:\/\/mywandern.net\/wp-content\/uploads\/2020\/07\/wanderer_blau.png\" alt=\"\"><img decoding=\"async\" src=\"http:\/\/mywandern.net\/wp-content\/uploads\/2020\/07\/wanderer_blau.png\" alt=\"\"><img decoding=\"async\" src=\"http:\/\/mywandern.net\/wp-content\/uploads\/2020\/07\/wanderer_blau.png\" alt=\"\"><img decoding=\"async\" src=\"http:\/\/mywandern.net\/wp-content\/uploads\/2020\/07\/wanderer_grau.png\" alt=\"\"><\/td><\/tr><tr><td>Kalorienverbrauch<\/td><td>1.375 Kcal<\/td><\/tr><\/tbody><\/table><\/figure>\n\n\n\n<p><strong>Wegbeschreibung<\/strong><br>Wir starten unseren Rundweg am Wanderparkplatz bei Hof Roscheid.<\/p>\n\n\n\n<p>Zun\u00e4chst gehen wir Richtung Windhausen links Richtung Weltringhausen auf den Sauerland-H\u00f6henflug, markiert mit einem gelben \u201eH\u201c.&nbsp; Diesem folgen wir zun\u00e4chst mit einem knapp 200m Anstieg auf den R\u00fcenhardt vorbei am Rehberg zur Spinne.<\/p>\n\n\n\n<p>Von hier aus verlaufen mehrere Wege zum Robert-Kolb-Turm. Wir folgen weiter dem Sauerland-H\u00f6henflug im Norden bis zum Aussichtsturm.<\/p>\n\n\n\n<p>Hier kann man prima die Aussicht geniessen und eine Kleinigkeit essen und trinken.<\/p>\n\n\n\n<p>Zur\u00fcck folgen wir dann dem s\u00fcdlichen H\u00f6henweg, vorbei am WDR Sendeturm zur Spinne. An der Spinne wechseln wir auf den S\u00fcdhangweg und nehmen f\u00fcr ca. 1km die Strecke, die wir auch hingewandert sind. An der n\u00e4chsten Weggabelung verlassen wir wieder den H\u00f6henflug und folgen rechts weiter dem S\u00fcdhangweg.<\/p>\n\n\n\n<p>Nachdem wir in Ebbelinghagen angekommen sind, m\u00fcssen wir noch einmal ein St\u00fcck bergauf und sind wieder am Wanderparkplatz bei Hof Roscheid.<\/p>\n\n\n\n<p><strong>Start:<\/strong> Wanderparkplatz Hof Roscheid (428 m)<br><br>Koordinaten:<br>Geographisch 51.134138, 7.834448<br>UTM 32U 418450 5665387<\/p>\n\n\n\n<p><strong>Ziel:<\/strong> Wanderparkplatz Hof Roscheid (428 m)<br><\/p>\n\n\n\n<p><strong>Anfahrt, Parken, \u00d6ffentliche Verkehrsmittel<\/strong><br>A 45 &#8211; Abfahrt Olpe oder Meinerzhagen in Richtung Attendorn, Finnentrop<br><br>Parken kann man am Wanderparkplatz Hof Roscheid.<br><br>Mit Bahn und Bus erreichbar.<br>Anreise \u00fcber die Strecke Hagen-Siegen mit Umstieg in Finnentrop<\/p>\n\n\n\n<p><strong>Karte<\/strong><\/p>\n\n\n\n<p><script type=\"text\/javascript\" src=\"https:\/\/www.outdooractive.com\/de\/embed\/174089566\/js?mw=false\"><\/script><\/p>\n\n\n\n<div class=\"wp-block-group\"><div class=\"wp-block-group__inner-container is-layout-flow wp-block-group-is-layout-flow\">\n<p><strong>Weitere Infos<\/strong><\/p>\n\n\n\n<p><a href=\"https:\/\/de.wikipedia.org\/wiki\/Attendorn\">https:\/\/de.wikipedia.org\/wiki\/Attendorn<\/a><\/p>\n\n\n\n<p><a href=\"https:\/\/de.wikipedia.org\/wiki\/Roscheid_(Attendorn)\">https:\/\/de.wikipedia.org\/wiki\/Roscheid_(Attendorn)<\/a><\/p>\n\n\n\n<p><a href=\"https:\/\/de.wikipedia.org\/wiki\/Robert-Kolb-Turm\">https:\/\/de.wikipedia.org\/wiki\/Robert-Kolb-Turm<\/a><\/p>\n<\/div><\/div>\n\n\n\n<p><strong>Bilder<\/strong><\/p>\n\n\n\n<div class=\"wp-block-group\"><div class=\"wp-block-group__inner-container is-layout-flow wp-block-group-is-layout-flow\">\n<figure class=\"wp-block-gallery columns-3 is-cropped wp-block-gallery-1 is-layout-flex wp-block-gallery-is-layout-flex\"><ul class=\"blocks-gallery-grid\"><li class=\"blocks-gallery-item\"><figure><img loading=\"lazy\" decoding=\"async\" width=\"1024\" height=\"768\" src=\"https:\/\/mywandern.net\/wp-content\/uploads\/2020\/07\/IMG_3720-1024x768.jpg\" alt=\"\" data-id=\"342\" data-full-url=\"https:\/\/mywandern.net\/wp-content\/uploads\/2020\/07\/IMG_3720.jpg\" data-link=\"https:\/\/mywandern.net\/index.php\/2020\/05\/09\/rundweg-roscheid-nordhelle\/img_3720\/\" class=\"wp-image-342\" srcset=\"https:\/\/mywandern.net\/wp-content\/uploads\/2020\/07\/IMG_3720-1024x768.jpg 1024w, https:\/\/mywandern.net\/wp-content\/uploads\/2020\/07\/IMG_3720-300x225.jpg 300w, https:\/\/mywandern.net\/wp-content\/uploads\/2020\/07\/IMG_3720-768x576.jpg 768w, https:\/\/mywandern.net\/wp-content\/uploads\/2020\/07\/IMG_3720-80x60.jpg 80w, https:\/\/mywandern.net\/wp-content\/uploads\/2020\/07\/IMG_3720.jpg 1200w\" sizes=\"auto, (max-width: 1024px) 100vw, 1024px\" \/><\/figure><\/li><li class=\"blocks-gallery-item\"><figure><img loading=\"lazy\" decoding=\"async\" width=\"1024\" height=\"768\" src=\"https:\/\/mywandern.net\/wp-content\/uploads\/2020\/07\/IMG_3714-1024x768.jpg\" alt=\"\" data-id=\"343\" data-full-url=\"https:\/\/mywandern.net\/wp-content\/uploads\/2020\/07\/IMG_3714.jpg\" data-link=\"https:\/\/mywandern.net\/index.php\/2020\/05\/09\/rundweg-roscheid-nordhelle\/img_3714\/\" class=\"wp-image-343\" srcset=\"https:\/\/mywandern.net\/wp-content\/uploads\/2020\/07\/IMG_3714-1024x768.jpg 1024w, https:\/\/mywandern.net\/wp-content\/uploads\/2020\/07\/IMG_3714-300x225.jpg 300w, https:\/\/mywandern.net\/wp-content\/uploads\/2020\/07\/IMG_3714-768x576.jpg 768w, https:\/\/mywandern.net\/wp-content\/uploads\/2020\/07\/IMG_3714-80x60.jpg 80w, https:\/\/mywandern.net\/wp-content\/uploads\/2020\/07\/IMG_3714.jpg 1200w\" sizes=\"auto, (max-width: 1024px) 100vw, 1024px\" \/><\/figure><\/li><li class=\"blocks-gallery-item\"><figure><img loading=\"lazy\" decoding=\"async\" width=\"1024\" height=\"768\" src=\"https:\/\/mywandern.net\/wp-content\/uploads\/2020\/07\/IMG_3715-1024x768.jpg\" alt=\"\" data-id=\"344\" data-full-url=\"https:\/\/mywandern.net\/wp-content\/uploads\/2020\/07\/IMG_3715.jpg\" data-link=\"https:\/\/mywandern.net\/index.php\/2020\/05\/09\/rundweg-roscheid-nordhelle\/img_3715\/\" class=\"wp-image-344\" srcset=\"https:\/\/mywandern.net\/wp-content\/uploads\/2020\/07\/IMG_3715-1024x768.jpg 1024w, https:\/\/mywandern.net\/wp-content\/uploads\/2020\/07\/IMG_3715-300x225.jpg 300w, https:\/\/mywandern.net\/wp-content\/uploads\/2020\/07\/IMG_3715-768x576.jpg 768w, https:\/\/mywandern.net\/wp-content\/uploads\/2020\/07\/IMG_3715-80x60.jpg 80w, https:\/\/mywandern.net\/wp-content\/uploads\/2020\/07\/IMG_3715.jpg 1200w\" sizes=\"auto, (max-width: 1024px) 100vw, 1024px\" \/><\/figure><\/li><li class=\"blocks-gallery-item\"><figure><img loading=\"lazy\" decoding=\"async\" width=\"1024\" height=\"768\" src=\"https:\/\/mywandern.net\/wp-content\/uploads\/2020\/07\/IMG_3716-1024x768.jpg\" alt=\"\" data-id=\"345\" data-full-url=\"https:\/\/mywandern.net\/wp-content\/uploads\/2020\/07\/IMG_3716.jpg\" data-link=\"https:\/\/mywandern.net\/index.php\/2020\/05\/09\/rundweg-roscheid-nordhelle\/img_3716\/\" class=\"wp-image-345\" srcset=\"https:\/\/mywandern.net\/wp-content\/uploads\/2020\/07\/IMG_3716-1024x768.jpg 1024w, https:\/\/mywandern.net\/wp-content\/uploads\/2020\/07\/IMG_3716-300x225.jpg 300w, https:\/\/mywandern.net\/wp-content\/uploads\/2020\/07\/IMG_3716-768x576.jpg 768w, https:\/\/mywandern.net\/wp-content\/uploads\/2020\/07\/IMG_3716-80x60.jpg 80w, https:\/\/mywandern.net\/wp-content\/uploads\/2020\/07\/IMG_3716.jpg 1200w\" sizes=\"auto, (max-width: 1024px) 100vw, 1024px\" \/><\/figure><\/li><li class=\"blocks-gallery-item\"><figure><img loading=\"lazy\" decoding=\"async\" width=\"1024\" height=\"768\" src=\"https:\/\/mywandern.net\/wp-content\/uploads\/2020\/07\/IMG_3717-1024x768.jpg\" alt=\"\" data-id=\"346\" data-full-url=\"https:\/\/mywandern.net\/wp-content\/uploads\/2020\/07\/IMG_3717.jpg\" data-link=\"https:\/\/mywandern.net\/index.php\/2020\/05\/09\/rundweg-roscheid-nordhelle\/img_3717\/\" class=\"wp-image-346\" srcset=\"https:\/\/mywandern.net\/wp-content\/uploads\/2020\/07\/IMG_3717-1024x768.jpg 1024w, https:\/\/mywandern.net\/wp-content\/uploads\/2020\/07\/IMG_3717-300x225.jpg 300w, https:\/\/mywandern.net\/wp-content\/uploads\/2020\/07\/IMG_3717-768x576.jpg 768w, https:\/\/mywandern.net\/wp-content\/uploads\/2020\/07\/IMG_3717-80x60.jpg 80w, https:\/\/mywandern.net\/wp-content\/uploads\/2020\/07\/IMG_3717.jpg 1200w\" sizes=\"auto, (max-width: 1024px) 100vw, 1024px\" \/><\/figure><\/li><li class=\"blocks-gallery-item\"><figure><img loading=\"lazy\" decoding=\"async\" width=\"768\" height=\"1024\" src=\"https:\/\/mywandern.net\/wp-content\/uploads\/2020\/07\/IMG_3718-768x1024.jpg\" alt=\"\" data-id=\"347\" data-full-url=\"https:\/\/mywandern.net\/wp-content\/uploads\/2020\/07\/IMG_3718.jpg\" data-link=\"https:\/\/mywandern.net\/index.php\/2020\/05\/09\/rundweg-roscheid-nordhelle\/img_3718\/\" class=\"wp-image-347\" srcset=\"https:\/\/mywandern.net\/wp-content\/uploads\/2020\/07\/IMG_3718-768x1024.jpg 768w, https:\/\/mywandern.net\/wp-content\/uploads\/2020\/07\/IMG_3718-225x300.jpg 225w, https:\/\/mywandern.net\/wp-content\/uploads\/2020\/07\/IMG_3718-1152x1536.jpg 1152w, https:\/\/mywandern.net\/wp-content\/uploads\/2020\/07\/IMG_3718-45x60.jpg 45w, https:\/\/mywandern.net\/wp-content\/uploads\/2020\/07\/IMG_3718.jpg 1200w\" sizes=\"auto, (max-width: 768px) 100vw, 768px\" \/><\/figure><\/li><li class=\"blocks-gallery-item\"><figure><img loading=\"lazy\" decoding=\"async\" width=\"768\" height=\"1024\" src=\"https:\/\/mywandern.net\/wp-content\/uploads\/2020\/07\/IMG_3719-768x1024.jpg\" alt=\"\" data-id=\"348\" data-full-url=\"https:\/\/mywandern.net\/wp-content\/uploads\/2020\/07\/IMG_3719.jpg\" data-link=\"https:\/\/mywandern.net\/index.php\/2020\/05\/09\/rundweg-roscheid-nordhelle\/img_3719\/\" class=\"wp-image-348\" srcset=\"https:\/\/mywandern.net\/wp-content\/uploads\/2020\/07\/IMG_3719-768x1024.jpg 768w, https:\/\/mywandern.net\/wp-content\/uploads\/2020\/07\/IMG_3719-225x300.jpg 225w, https:\/\/mywandern.net\/wp-content\/uploads\/2020\/07\/IMG_3719-1152x1536.jpg 1152w, https:\/\/mywandern.net\/wp-content\/uploads\/2020\/07\/IMG_3719-45x60.jpg 45w, https:\/\/mywandern.net\/wp-content\/uploads\/2020\/07\/IMG_3719.jpg 1200w\" sizes=\"auto, (max-width: 768px) 100vw, 768px\" \/><\/figure><\/li><\/ul><\/figure>\n<\/div><\/div>\n\n\n\n<p><\/p>\n","protected":false},"excerpt":{"rendered":"<p>Wir wandern den Sauerland-H\u00f6henflug von Roscheid \u00fcber die Spinne zur Nordhelle\/Robert-Kolb Turm und auf einer s\u00fcdlichen Route wieder zur\u00fcck. Der Robert-Kolb-Turm steht in der Gemeinde Herscheid auf der 663,3 Meter hohen Nordhelle, auf der schon seit Beginn des 19. Jahrhunderts immer wieder T\u00fcrme erbaut wurden. Einen ersten Turm aus Stein lie\u00df Kaiser Napoleon I. als &hellip; <\/p>\n","protected":false},"author":1,"featured_media":333,"comment_status":"open","ping_status":"open","sticky":false,"template":"","format":"standard","meta":{"footnotes":""},"categories":[2],"tags":[],"class_list":["post-288","post","type-post","status-publish","format-standard","has-post-thumbnail","hentry","category-wanderungen"],"_links":{"self":[{"href":"https:\/\/mywandern.net\/index.php\/wp-json\/wp\/v2\/posts\/288","targetHints":{"allow":["GET"]}}],"collection":[{"href":"https:\/\/mywandern.net\/index.php\/wp-json\/wp\/v2\/posts"}],"about":[{"href":"https:\/\/mywandern.net\/index.php\/wp-json\/wp\/v2\/types\/post"}],"author":[{"embeddable":true,"href":"https:\/\/mywandern.net\/index.php\/wp-json\/wp\/v2\/users\/1"}],"replies":[{"embeddable":true,"href":"https:\/\/mywandern.net\/index.php\/wp-json\/wp\/v2\/comments?post=288"}],"version-history":[{"count":4,"href":"https:\/\/mywandern.net\/index.php\/wp-json\/wp\/v2\/posts\/288\/revisions"}],"predecessor-version":[{"id":491,"href":"https:\/\/mywandern.net\/index.php\/wp-json\/wp\/v2\/posts\/288\/revisions\/491"}],"wp:featuredmedia":[{"embeddable":true,"href":"https:\/\/mywandern.net\/index.php\/wp-json\/wp\/v2\/media\/333"}],"wp:attachment":[{"href":"https:\/\/mywandern.net\/index.php\/wp-json\/wp\/v2\/media?parent=288"}],"wp:term":[{"taxonomy":"category","embeddable":true,"href":"https:\/\/mywandern.net\/index.php\/wp-json\/wp\/v2\/categories?post=288"},{"taxonomy":"post_tag","embeddable":true,"href":"https:\/\/mywandern.net\/index.php\/wp-json\/wp\/v2\/tags?post=288"}],"curies":[{"name":"wp","href":"https:\/\/api.w.org\/{rel}","templated":true}]}}