{"id":284,"date":"2020-06-12T15:43:00","date_gmt":"2020-06-12T13:43:00","guid":{"rendered":"http:\/\/mywandern.net\/?p=284"},"modified":"2020-07-12T17:12:43","modified_gmt":"2020-07-12T15:12:43","slug":"vom-alten-flecken-freudenberg-zur-hansestadt-attendorn","status":"publish","type":"post","link":"https:\/\/mywandern.net\/index.php\/2020\/06\/12\/vom-alten-flecken-freudenberg-zur-hansestadt-attendorn\/","title":{"rendered":"Vom Alten Flecken (Freudenberg) zur Hansestadt Attendorn"},"content":{"rendered":"\n<p>Eine Wanderung durch S\u00fcdwestfalen vom Siegerland ins Sauerland, genauer vom Alten Flecken (Freudenberg) in die Hansestadt Attendorn.<br><br>Wir wandern vom Siegerland ins Sauerland, genauer vom Alten Flecken (Freudenberg) mit dem historischen komplett in Fachwerkbauweise errichteten Stadtkern \u00fcber das K\u00f6lsche Heck zur alten Hansestadt Attendorn, ebenfalls mit sch\u00f6nem, historischem Stadtkern.<br><br>Graf Johann der IV. von Nassau, Vianden und Diez gab am 7. November 1456 den B\u00fcrgern von Freudenberg ihre Freiheitsrechte. Dieser Freiheitsbrief von 1456 wird heute als Hinweis auf die Verleihung der Stadtrechte angesehen. Urkunden geben Hinweise darauf, dass Freudenberg sehr fr\u00fch als \u201eFlecken\u201c gegr\u00fcndet worden ist. Der historische Stadtkern tr\u00e4gt heute noch den Namen \u201eAlter Flecken\u201c.<br><br>Im Jahre 1222 wurden unter dem K\u00f6lner Erzbischof Engelbert II. von Berg der Stadt durch Verleihung des Soester Rechts die Stadtrechte zugesprochen. Die um 1200 errichtete Burg Schnellenberg und die Erwerbung der Waldenburg im Jahre 1248 dienten der Sicherung der Interessen des Erzbistums K\u00f6ln in der Region. Attendorn verdankt seine Bedeutung neben den neun Z\u00fcnften haupts\u00e4chlich den Woll- und Leinewebern.<br><br>Tipp:<br>Beide St\u00e4dte haben sehr sch\u00f6ne Stadtkerne und bieten im nahen Umland einige Sehensw\u00fcrdigkeiten, die leicht einen Tag ausf\u00fcllen. Ein eint\u00e4giger Aufenthalt pro Stadt lohnt sich auf jeden Fall.<br>Im Al Ristoro Zentrum (im Schultenhaus) in Attendorn gibt es sehr leckere Pizzen als St\u00e4rkung f\u00fcr nach der Wanderung.<\/p>\n\n\n\n<p><strong>Details<\/strong><\/p>\n\n\n\n<figure class=\"wp-block-table\"><table class=\"has-subtle-pale-green-background-color has-background\"><tbody><tr><td>Schwierigkeit<\/td><td>schwer<\/td><\/tr><tr><td>Kondition<\/td><td><img decoding=\"async\" src=\"http:\/\/mywandern.net\/wp-content\/uploads\/2020\/07\/wanderer_blau.png\" alt=\"\"><img decoding=\"async\" src=\"http:\/\/mywandern.net\/wp-content\/uploads\/2020\/07\/wanderer_blau.png\" alt=\"\"><img decoding=\"async\" src=\"http:\/\/mywandern.net\/wp-content\/uploads\/2020\/07\/wanderer_blau.png\" alt=\"\"><img decoding=\"async\" src=\"http:\/\/mywandern.net\/wp-content\/uploads\/2020\/07\/wanderer_blau.png\" alt=\"\"><img loading=\"lazy\" decoding=\"async\" width=\"20\" height=\"25\" class=\"wp-image-298\" style=\"width: 20px;\" src=\"http:\/\/mywandern.net\/wp-content\/uploads\/2020\/07\/wanderer_grau.png\" alt=\"\"><\/td><\/tr><tr><td>Erlebnis<\/td><td><img decoding=\"async\" src=\"http:\/\/mywandern.net\/wp-content\/uploads\/2020\/07\/wanderer_blau.png\" alt=\"\"><img decoding=\"async\" src=\"http:\/\/mywandern.net\/wp-content\/uploads\/2020\/07\/wanderer_blau.png\" alt=\"\"><img decoding=\"async\" src=\"http:\/\/mywandern.net\/wp-content\/uploads\/2020\/07\/wanderer_grau.png\" alt=\"\"><img decoding=\"async\" src=\"http:\/\/mywandern.net\/wp-content\/uploads\/2020\/07\/wanderer_grau.png\" alt=\"\"><img decoding=\"async\" src=\"http:\/\/mywandern.net\/wp-content\/uploads\/2020\/07\/wanderer_grau.png\" alt=\"\"><\/td><\/tr><tr><td>Landschaft<\/td><td><img decoding=\"async\" src=\"http:\/\/mywandern.net\/wp-content\/uploads\/2020\/07\/wanderer_blau.png\" alt=\"\"><img decoding=\"async\" src=\"http:\/\/mywandern.net\/wp-content\/uploads\/2020\/07\/wanderer_blau.png\" alt=\"\"><img decoding=\"async\" src=\"http:\/\/mywandern.net\/wp-content\/uploads\/2020\/07\/wanderer_blau.png\" alt=\"\"><img decoding=\"async\" src=\"http:\/\/mywandern.net\/wp-content\/uploads\/2020\/07\/wanderer_grau.png\" alt=\"\"><img decoding=\"async\" src=\"http:\/\/mywandern.net\/wp-content\/uploads\/2020\/07\/wanderer_grau.png\" alt=\"\"><\/td><\/tr><tr><td>Technik<\/td><td><img decoding=\"async\" src=\"http:\/\/mywandern.net\/wp-content\/uploads\/2020\/07\/wanderer_blau.png\" alt=\"\"><img decoding=\"async\" src=\"http:\/\/mywandern.net\/wp-content\/uploads\/2020\/07\/wanderer_blau.png\" alt=\"\"><img decoding=\"async\" src=\"http:\/\/mywandern.net\/wp-content\/uploads\/2020\/07\/wanderer_blau.png\" alt=\"\"><img decoding=\"async\" src=\"http:\/\/mywandern.net\/wp-content\/uploads\/2020\/07\/wanderer_grau.png\" alt=\"\"><img decoding=\"async\" src=\"http:\/\/mywandern.net\/wp-content\/uploads\/2020\/07\/wanderer_grau.png\" alt=\"\"><\/td><\/tr><tr><td>Strecke<\/td><td>35 km<\/td><\/tr><tr><td>Dauer<\/td><td>8:45h<\/td><\/tr><tr><td>H\u00f6henmeter<\/td><td>625 m<\/td><\/tr><tr><td>Rundweg<\/td><td>nein<\/td><\/tr><tr><td>Bewertung<\/td><td><img decoding=\"async\" src=\"http:\/\/mywandern.net\/wp-content\/uploads\/2020\/07\/wanderer_blau.png\" alt=\"\"><img decoding=\"async\" src=\"http:\/\/mywandern.net\/wp-content\/uploads\/2020\/07\/wanderer_blau.png\" alt=\"\"><img decoding=\"async\" src=\"http:\/\/mywandern.net\/wp-content\/uploads\/2020\/07\/wanderer_grau.png\" alt=\"\"><img decoding=\"async\" src=\"http:\/\/mywandern.net\/wp-content\/uploads\/2020\/07\/wanderer_grau.png\" alt=\"\"><img decoding=\"async\" src=\"http:\/\/mywandern.net\/wp-content\/uploads\/2020\/07\/wanderer_grau.png\" alt=\"\"><\/td><\/tr><tr><td>Kalorienverbrauch<\/td><td>2.354 Kcal<\/td><\/tr><\/tbody><\/table><\/figure>\n\n\n\n<p><strong>Wegbeschreibung<\/strong><br>Wir starten unsere Wanderung im Alten Flecken in Freudenberg und genie\u00dfen das Flair in den kleinen Strassen zwischen den teilweise fast 400 Jahre alten Fachwerkh\u00e4usern. Zun\u00e4chst gehen wir durch den Kurpark, von dem wir einen wundervollen Blick auf den alten Flecken erhalten. Weiter geht es durch das Gambachtal, durch B\u00fcschergrund, vorbei an der Osterbergschule, durch die Felder am Osterberg und erreichen an der Autobahn A45 \u00dcberquerung den Siegerland-H\u00f6henring.<\/p>\n\n\n\n<p>Dem H\u00f6henring folgen wir an H\u00fcnsborn vorbei, in der Mitte zwischen Altenhof und Osthelden hindurch, l\u00e4ngs Krombach und Altenkleusheim.<\/p>\n\n\n\n<p>Kurz vor Kruberg\/Rahrbach verlassen wir den Siegerland-H\u00f6henflug und meistern in den kommenden Kilometern die Steigung zum h\u00f6chsten Punkt unserer Route (Der Kr\u00e4henberg).<\/p>\n\n\n\n<p>Kurz nach Rahrbach treffen wir auf den M\u00f6hne-Westerwald-Weg (X 24), dem wir zun\u00e4chst folgen k\u00f6nnen.<\/p>\n\n\n\n<p>Nach ca. 3,5 km durch den sch\u00f6nen Naturpark Sauerland-Rothaargebirge stossen wir bei Fahlenscheid auf den Veischeder Sonnenpfad (V). Diesem folgen wir Richtung Norden, passieren Oberveischede bis auf H\u00f6he Tecklinghausen.<\/p>\n\n\n\n<p>Statt dem Sonnenpfad weiter zu folgen, bleiben wir n\u00f6rdlich unterwegs und orientieren und wieder an X 24, vorbei an Hofk\u00fchl, Berlinghausen, durch das Repetal und kommen an der Reper H\u00f6he heraus. Es folgt ein Abstieg \u00fcber den Rappelsberg bis zur Hospitalkirche in Attendorn.<\/p>\n\n\n\n<p><strong>Start:<\/strong> Freudenberg &#8211; Alter Flecken (292 m)<br><br>Koordinaten: <br>Geographisch 50.897955, 7.874288<br>UTM 32U 420837 5639080<\/p>\n\n\n\n<p><strong>Ziel:<\/strong> Attendorn &#8211; Hospialkirche<br><\/p>\n\n\n\n<p><strong>Anfahrt, Parken, \u00d6ffentliche Verkehrsmittel<\/strong><br>Von der Autobahnabfahrt Freudenberg der A45 fahren Sie Richtung Freudenberg.<br><br>Rund um den alten Flecken stehen zahlreiche Parkpl\u00e4tze zur Verf\u00fcgung. Eingezeichnet sind sie im Flyer_Altstadtrundgang.pdf des Touristikb\u00fcros in der Linksammlung.<br><br>Mit Bahn und Bus erreichbar. <br>R37 (Siegen \u2013 B\u00fcschergrund \u2013 Freudenberg): Steigen Sie an der Haltestelle Morer Platz aus.<br>R38 (Siegen \u2013 Lindenberg \u2013 Freudenberg): Steigen Sie an der Haltestelle Morer Platz aus.<br>290 (Betzdorf \u2013 Freudenberg \u2013 B\u00fcschergrund): Steigen Sie an der Haltestelle Morer Platz aus.<\/p>\n\n\n\n<p><strong>Karte<\/strong><\/p>\n\n\n\n<p><script type=\"text\/javascript\" src=\"https:\/\/www.outdooractive.com\/de\/embed\/148043164\/js?mw=false\"><\/script><\/p>\n\n\n\n<div class=\"wp-block-group\"><div class=\"wp-block-group__inner-container is-layout-flow wp-block-group-is-layout-flow\">\n<p><strong>Weitere Infos<\/strong><\/p>\n\n\n\n<p><a href=\"https:\/\/de.wikipedia.org\/wiki\/Freudenberg_(Siegerland)\">https:\/\/de.wikipedia.org\/wiki\/Freudenberg_(Siegerland)<\/a><\/p>\n\n\n\n<p><a href=\"https:\/\/de.wikipedia.org\/wiki\/Attendorn\">https:\/\/de.wikipedia.org\/wiki\/Attendorn<\/a><\/p>\n\n\n\n<p><a href=\"https:\/\/de.wikipedia.org\/wiki\/Siegerland\">https:\/\/de.wikipedia.org\/wiki\/Siegerland<\/a><\/p>\n\n\n\n<p><a href=\"https:\/\/de.wikipedia.org\/wiki\/Sauerland\">https:\/\/de.wikipedia.org\/wiki\/Sauerland<\/a><\/p>\n\n\n\n<p><a href=\"https:\/\/de.wikipedia.org\/wiki\/K%C3%B6lsches_Heck\">https:\/\/de.wikipedia.org\/wiki\/K%C3%B6lsches_Heck<\/a><\/p>\n\n\n\n<p><a href=\"https:\/\/www.freudenberg-wirkt.de\/medien\/downloads\/Flyer_Altstadtrundgang.pdf\">https:\/\/www.freudenberg-wirkt.de\/medien\/downloads\/Flyer_Altstadtrundgang.pdf<\/a><\/p>\n<\/div><\/div>\n\n\n\n<p><strong>Bilder<\/strong><\/p>\n\n\n\n<div class=\"wp-block-group\"><div class=\"wp-block-group__inner-container is-layout-flow wp-block-group-is-layout-flow\">\n<figure class=\"wp-block-gallery columns-3 is-cropped wp-block-gallery-1 is-layout-flex wp-block-gallery-is-layout-flex\"><ul class=\"blocks-gallery-grid\"><li class=\"blocks-gallery-item\"><figure><a href=\"https:\/\/mywandern.net\/wp-content\/uploads\/2020\/07\/IMG_4718-1024x678.jpg\"><img loading=\"lazy\" decoding=\"async\" width=\"1024\" height=\"678\" src=\"https:\/\/mywandern.net\/wp-content\/uploads\/2020\/07\/IMG_4718-1024x678.jpg\" alt=\"\" data-id=\"306\" data-link=\"https:\/\/mywandern.net\/index.php\/2020\/06\/12\/vom-alten-flecken-freudenberg-zur-hansestadt-attendorn\/img_4718\/\" class=\"wp-image-306\" srcset=\"https:\/\/mywandern.net\/wp-content\/uploads\/2020\/07\/IMG_4718-1024x678.jpg 1024w, https:\/\/mywandern.net\/wp-content\/uploads\/2020\/07\/IMG_4718-300x199.jpg 300w, https:\/\/mywandern.net\/wp-content\/uploads\/2020\/07\/IMG_4718-768x509.jpg 768w, https:\/\/mywandern.net\/wp-content\/uploads\/2020\/07\/IMG_4718-91x60.jpg 91w, https:\/\/mywandern.net\/wp-content\/uploads\/2020\/07\/IMG_4718.jpg 1200w\" sizes=\"auto, (max-width: 1024px) 100vw, 1024px\" \/><\/a><\/figure><\/li><li class=\"blocks-gallery-item\"><figure><a href=\"https:\/\/mywandern.net\/wp-content\/uploads\/2020\/07\/IMG_4736.jpg\"><img loading=\"lazy\" decoding=\"async\" width=\"1024\" height=\"768\" src=\"https:\/\/mywandern.net\/wp-content\/uploads\/2020\/07\/IMG_4736-1024x768.jpg\" alt=\"\" data-id=\"309\" data-full-url=\"https:\/\/mywandern.net\/wp-content\/uploads\/2020\/07\/IMG_4736.jpg\" data-link=\"https:\/\/mywandern.net\/index.php\/2020\/06\/12\/vom-alten-flecken-freudenberg-zur-hansestadt-attendorn\/img_4736\/\" class=\"wp-image-309\" srcset=\"https:\/\/mywandern.net\/wp-content\/uploads\/2020\/07\/IMG_4736-1024x768.jpg 1024w, https:\/\/mywandern.net\/wp-content\/uploads\/2020\/07\/IMG_4736-300x225.jpg 300w, https:\/\/mywandern.net\/wp-content\/uploads\/2020\/07\/IMG_4736-768x576.jpg 768w, https:\/\/mywandern.net\/wp-content\/uploads\/2020\/07\/IMG_4736-80x60.jpg 80w, https:\/\/mywandern.net\/wp-content\/uploads\/2020\/07\/IMG_4736.jpg 1200w\" sizes=\"auto, (max-width: 1024px) 100vw, 1024px\" \/><\/a><\/figure><\/li><li class=\"blocks-gallery-item\"><figure><a href=\"https:\/\/mywandern.net\/wp-content\/uploads\/2020\/07\/IMG_4719.jpg\"><img loading=\"lazy\" decoding=\"async\" width=\"1024\" height=\"768\" src=\"https:\/\/mywandern.net\/wp-content\/uploads\/2020\/07\/IMG_4719-1024x768.jpg\" alt=\"\" data-id=\"310\" data-full-url=\"https:\/\/mywandern.net\/wp-content\/uploads\/2020\/07\/IMG_4719.jpg\" data-link=\"https:\/\/mywandern.net\/index.php\/2020\/06\/12\/vom-alten-flecken-freudenberg-zur-hansestadt-attendorn\/img_4719\/\" class=\"wp-image-310\" srcset=\"https:\/\/mywandern.net\/wp-content\/uploads\/2020\/07\/IMG_4719-1024x768.jpg 1024w, https:\/\/mywandern.net\/wp-content\/uploads\/2020\/07\/IMG_4719-300x225.jpg 300w, https:\/\/mywandern.net\/wp-content\/uploads\/2020\/07\/IMG_4719-768x576.jpg 768w, https:\/\/mywandern.net\/wp-content\/uploads\/2020\/07\/IMG_4719-80x60.jpg 80w, https:\/\/mywandern.net\/wp-content\/uploads\/2020\/07\/IMG_4719.jpg 1200w\" sizes=\"auto, (max-width: 1024px) 100vw, 1024px\" \/><\/a><\/figure><\/li><li class=\"blocks-gallery-item\"><figure><a href=\"https:\/\/mywandern.net\/wp-content\/uploads\/2020\/07\/IMG_4720.jpg\"><img loading=\"lazy\" decoding=\"async\" width=\"768\" height=\"1024\" src=\"https:\/\/mywandern.net\/wp-content\/uploads\/2020\/07\/IMG_4720-768x1024.jpg\" alt=\"\" data-id=\"311\" data-full-url=\"https:\/\/mywandern.net\/wp-content\/uploads\/2020\/07\/IMG_4720.jpg\" data-link=\"https:\/\/mywandern.net\/index.php\/2020\/06\/12\/vom-alten-flecken-freudenberg-zur-hansestadt-attendorn\/img_4720\/\" class=\"wp-image-311\" srcset=\"https:\/\/mywandern.net\/wp-content\/uploads\/2020\/07\/IMG_4720-768x1024.jpg 768w, https:\/\/mywandern.net\/wp-content\/uploads\/2020\/07\/IMG_4720-225x300.jpg 225w, https:\/\/mywandern.net\/wp-content\/uploads\/2020\/07\/IMG_4720-1152x1536.jpg 1152w, https:\/\/mywandern.net\/wp-content\/uploads\/2020\/07\/IMG_4720-45x60.jpg 45w, https:\/\/mywandern.net\/wp-content\/uploads\/2020\/07\/IMG_4720.jpg 1200w\" sizes=\"auto, (max-width: 768px) 100vw, 768px\" \/><\/a><\/figure><\/li><li class=\"blocks-gallery-item\"><figure><a href=\"https:\/\/mywandern.net\/wp-content\/uploads\/2020\/07\/IMG_4721.jpg\"><img loading=\"lazy\" decoding=\"async\" width=\"768\" height=\"1024\" src=\"https:\/\/mywandern.net\/wp-content\/uploads\/2020\/07\/IMG_4721-768x1024.jpg\" alt=\"\" data-id=\"312\" data-full-url=\"https:\/\/mywandern.net\/wp-content\/uploads\/2020\/07\/IMG_4721.jpg\" data-link=\"https:\/\/mywandern.net\/index.php\/2020\/06\/12\/vom-alten-flecken-freudenberg-zur-hansestadt-attendorn\/img_4721\/\" class=\"wp-image-312\" srcset=\"https:\/\/mywandern.net\/wp-content\/uploads\/2020\/07\/IMG_4721-768x1024.jpg 768w, https:\/\/mywandern.net\/wp-content\/uploads\/2020\/07\/IMG_4721-225x300.jpg 225w, https:\/\/mywandern.net\/wp-content\/uploads\/2020\/07\/IMG_4721-1152x1536.jpg 1152w, https:\/\/mywandern.net\/wp-content\/uploads\/2020\/07\/IMG_4721-45x60.jpg 45w, https:\/\/mywandern.net\/wp-content\/uploads\/2020\/07\/IMG_4721.jpg 1200w\" sizes=\"auto, (max-width: 768px) 100vw, 768px\" \/><\/a><\/figure><\/li><li class=\"blocks-gallery-item\"><figure><a href=\"https:\/\/mywandern.net\/wp-content\/uploads\/2020\/07\/IMG_4722.jpg\"><img loading=\"lazy\" decoding=\"async\" width=\"768\" height=\"1024\" src=\"https:\/\/mywandern.net\/wp-content\/uploads\/2020\/07\/IMG_4722-768x1024.jpg\" alt=\"\" data-id=\"313\" data-full-url=\"https:\/\/mywandern.net\/wp-content\/uploads\/2020\/07\/IMG_4722.jpg\" data-link=\"https:\/\/mywandern.net\/index.php\/2020\/06\/12\/vom-alten-flecken-freudenberg-zur-hansestadt-attendorn\/img_4722\/\" class=\"wp-image-313\" srcset=\"https:\/\/mywandern.net\/wp-content\/uploads\/2020\/07\/IMG_4722-768x1024.jpg 768w, https:\/\/mywandern.net\/wp-content\/uploads\/2020\/07\/IMG_4722-225x300.jpg 225w, https:\/\/mywandern.net\/wp-content\/uploads\/2020\/07\/IMG_4722-1152x1536.jpg 1152w, https:\/\/mywandern.net\/wp-content\/uploads\/2020\/07\/IMG_4722-45x60.jpg 45w, https:\/\/mywandern.net\/wp-content\/uploads\/2020\/07\/IMG_4722.jpg 1200w\" sizes=\"auto, (max-width: 768px) 100vw, 768px\" \/><\/a><\/figure><\/li><li class=\"blocks-gallery-item\"><figure><a href=\"https:\/\/mywandern.net\/wp-content\/uploads\/2020\/07\/IMG_4723.jpg\"><img loading=\"lazy\" decoding=\"async\" width=\"1024\" height=\"768\" src=\"https:\/\/mywandern.net\/wp-content\/uploads\/2020\/07\/IMG_4723-1024x768.jpg\" alt=\"\" data-id=\"314\" data-full-url=\"https:\/\/mywandern.net\/wp-content\/uploads\/2020\/07\/IMG_4723.jpg\" data-link=\"https:\/\/mywandern.net\/index.php\/2020\/06\/12\/vom-alten-flecken-freudenberg-zur-hansestadt-attendorn\/img_4723\/\" class=\"wp-image-314\" srcset=\"https:\/\/mywandern.net\/wp-content\/uploads\/2020\/07\/IMG_4723-1024x768.jpg 1024w, https:\/\/mywandern.net\/wp-content\/uploads\/2020\/07\/IMG_4723-300x225.jpg 300w, https:\/\/mywandern.net\/wp-content\/uploads\/2020\/07\/IMG_4723-768x576.jpg 768w, https:\/\/mywandern.net\/wp-content\/uploads\/2020\/07\/IMG_4723-80x60.jpg 80w, https:\/\/mywandern.net\/wp-content\/uploads\/2020\/07\/IMG_4723.jpg 1200w\" sizes=\"auto, (max-width: 1024px) 100vw, 1024px\" \/><\/a><\/figure><\/li><li class=\"blocks-gallery-item\"><figure><a href=\"https:\/\/mywandern.net\/wp-content\/uploads\/2020\/07\/IMG_4724.jpg\"><img loading=\"lazy\" decoding=\"async\" width=\"1024\" height=\"768\" src=\"https:\/\/mywandern.net\/wp-content\/uploads\/2020\/07\/IMG_4724-1024x768.jpg\" alt=\"\" data-id=\"315\" data-full-url=\"https:\/\/mywandern.net\/wp-content\/uploads\/2020\/07\/IMG_4724.jpg\" data-link=\"https:\/\/mywandern.net\/index.php\/2020\/06\/12\/vom-alten-flecken-freudenberg-zur-hansestadt-attendorn\/img_4724\/\" class=\"wp-image-315\" srcset=\"https:\/\/mywandern.net\/wp-content\/uploads\/2020\/07\/IMG_4724-1024x768.jpg 1024w, https:\/\/mywandern.net\/wp-content\/uploads\/2020\/07\/IMG_4724-300x225.jpg 300w, https:\/\/mywandern.net\/wp-content\/uploads\/2020\/07\/IMG_4724-768x576.jpg 768w, https:\/\/mywandern.net\/wp-content\/uploads\/2020\/07\/IMG_4724-80x60.jpg 80w, https:\/\/mywandern.net\/wp-content\/uploads\/2020\/07\/IMG_4724.jpg 1200w\" sizes=\"auto, (max-width: 1024px) 100vw, 1024px\" \/><\/a><\/figure><\/li><li class=\"blocks-gallery-item\"><figure><a href=\"https:\/\/mywandern.net\/wp-content\/uploads\/2020\/07\/IMG_4725.jpg\"><img loading=\"lazy\" decoding=\"async\" width=\"1024\" height=\"768\" src=\"https:\/\/mywandern.net\/wp-content\/uploads\/2020\/07\/IMG_4725-1024x768.jpg\" alt=\"\" data-id=\"316\" data-full-url=\"https:\/\/mywandern.net\/wp-content\/uploads\/2020\/07\/IMG_4725.jpg\" data-link=\"https:\/\/mywandern.net\/index.php\/2020\/06\/12\/vom-alten-flecken-freudenberg-zur-hansestadt-attendorn\/img_4725\/\" class=\"wp-image-316\" srcset=\"https:\/\/mywandern.net\/wp-content\/uploads\/2020\/07\/IMG_4725-1024x768.jpg 1024w, https:\/\/mywandern.net\/wp-content\/uploads\/2020\/07\/IMG_4725-300x225.jpg 300w, https:\/\/mywandern.net\/wp-content\/uploads\/2020\/07\/IMG_4725-768x576.jpg 768w, https:\/\/mywandern.net\/wp-content\/uploads\/2020\/07\/IMG_4725-80x60.jpg 80w, https:\/\/mywandern.net\/wp-content\/uploads\/2020\/07\/IMG_4725.jpg 1200w\" sizes=\"auto, (max-width: 1024px) 100vw, 1024px\" \/><\/a><\/figure><\/li><li class=\"blocks-gallery-item\"><figure><a href=\"https:\/\/mywandern.net\/wp-content\/uploads\/2020\/07\/IMG_4726.jpg\"><img loading=\"lazy\" decoding=\"async\" width=\"1024\" height=\"768\" src=\"https:\/\/mywandern.net\/wp-content\/uploads\/2020\/07\/IMG_4726-1024x768.jpg\" alt=\"\" data-id=\"317\" data-full-url=\"https:\/\/mywandern.net\/wp-content\/uploads\/2020\/07\/IMG_4726.jpg\" data-link=\"https:\/\/mywandern.net\/index.php\/2020\/06\/12\/vom-alten-flecken-freudenberg-zur-hansestadt-attendorn\/img_4726\/\" class=\"wp-image-317\" srcset=\"https:\/\/mywandern.net\/wp-content\/uploads\/2020\/07\/IMG_4726-1024x768.jpg 1024w, https:\/\/mywandern.net\/wp-content\/uploads\/2020\/07\/IMG_4726-300x225.jpg 300w, https:\/\/mywandern.net\/wp-content\/uploads\/2020\/07\/IMG_4726-768x576.jpg 768w, https:\/\/mywandern.net\/wp-content\/uploads\/2020\/07\/IMG_4726-80x60.jpg 80w, https:\/\/mywandern.net\/wp-content\/uploads\/2020\/07\/IMG_4726.jpg 1200w\" sizes=\"auto, (max-width: 1024px) 100vw, 1024px\" \/><\/a><\/figure><\/li><li class=\"blocks-gallery-item\"><figure><a href=\"https:\/\/mywandern.net\/wp-content\/uploads\/2020\/07\/IMG_4727.jpg\"><img loading=\"lazy\" decoding=\"async\" width=\"1024\" height=\"768\" src=\"https:\/\/mywandern.net\/wp-content\/uploads\/2020\/07\/IMG_4727-1024x768.jpg\" alt=\"\" data-id=\"318\" data-full-url=\"https:\/\/mywandern.net\/wp-content\/uploads\/2020\/07\/IMG_4727.jpg\" data-link=\"https:\/\/mywandern.net\/index.php\/2020\/06\/12\/vom-alten-flecken-freudenberg-zur-hansestadt-attendorn\/img_4727\/\" class=\"wp-image-318\" srcset=\"https:\/\/mywandern.net\/wp-content\/uploads\/2020\/07\/IMG_4727-1024x768.jpg 1024w, https:\/\/mywandern.net\/wp-content\/uploads\/2020\/07\/IMG_4727-300x225.jpg 300w, https:\/\/mywandern.net\/wp-content\/uploads\/2020\/07\/IMG_4727-768x576.jpg 768w, https:\/\/mywandern.net\/wp-content\/uploads\/2020\/07\/IMG_4727-80x60.jpg 80w, https:\/\/mywandern.net\/wp-content\/uploads\/2020\/07\/IMG_4727.jpg 1200w\" sizes=\"auto, (max-width: 1024px) 100vw, 1024px\" \/><\/a><\/figure><\/li><li class=\"blocks-gallery-item\"><figure><a href=\"https:\/\/mywandern.net\/wp-content\/uploads\/2020\/07\/IMG_4728.jpg\"><img loading=\"lazy\" decoding=\"async\" width=\"1024\" height=\"768\" src=\"https:\/\/mywandern.net\/wp-content\/uploads\/2020\/07\/IMG_4728-1024x768.jpg\" alt=\"\" data-id=\"319\" data-full-url=\"https:\/\/mywandern.net\/wp-content\/uploads\/2020\/07\/IMG_4728.jpg\" data-link=\"https:\/\/mywandern.net\/index.php\/2020\/06\/12\/vom-alten-flecken-freudenberg-zur-hansestadt-attendorn\/img_4728\/\" class=\"wp-image-319\" srcset=\"https:\/\/mywandern.net\/wp-content\/uploads\/2020\/07\/IMG_4728-1024x768.jpg 1024w, https:\/\/mywandern.net\/wp-content\/uploads\/2020\/07\/IMG_4728-300x225.jpg 300w, https:\/\/mywandern.net\/wp-content\/uploads\/2020\/07\/IMG_4728-768x576.jpg 768w, https:\/\/mywandern.net\/wp-content\/uploads\/2020\/07\/IMG_4728-80x60.jpg 80w, https:\/\/mywandern.net\/wp-content\/uploads\/2020\/07\/IMG_4728.jpg 1200w\" sizes=\"auto, (max-width: 1024px) 100vw, 1024px\" \/><\/a><\/figure><\/li><li class=\"blocks-gallery-item\"><figure><a href=\"https:\/\/mywandern.net\/wp-content\/uploads\/2020\/07\/IMG_4729.jpg\"><img loading=\"lazy\" decoding=\"async\" width=\"1024\" height=\"768\" src=\"https:\/\/mywandern.net\/wp-content\/uploads\/2020\/07\/IMG_4729-1024x768.jpg\" alt=\"\" data-id=\"320\" data-full-url=\"https:\/\/mywandern.net\/wp-content\/uploads\/2020\/07\/IMG_4729.jpg\" data-link=\"https:\/\/mywandern.net\/index.php\/2020\/06\/12\/vom-alten-flecken-freudenberg-zur-hansestadt-attendorn\/img_4729\/\" class=\"wp-image-320\" srcset=\"https:\/\/mywandern.net\/wp-content\/uploads\/2020\/07\/IMG_4729-1024x768.jpg 1024w, https:\/\/mywandern.net\/wp-content\/uploads\/2020\/07\/IMG_4729-300x225.jpg 300w, https:\/\/mywandern.net\/wp-content\/uploads\/2020\/07\/IMG_4729-768x576.jpg 768w, https:\/\/mywandern.net\/wp-content\/uploads\/2020\/07\/IMG_4729-80x60.jpg 80w, https:\/\/mywandern.net\/wp-content\/uploads\/2020\/07\/IMG_4729.jpg 1200w\" sizes=\"auto, (max-width: 1024px) 100vw, 1024px\" \/><\/a><\/figure><\/li><li class=\"blocks-gallery-item\"><figure><a href=\"https:\/\/mywandern.net\/wp-content\/uploads\/2020\/07\/IMG_4730.jpg\"><img loading=\"lazy\" decoding=\"async\" width=\"1024\" height=\"768\" src=\"https:\/\/mywandern.net\/wp-content\/uploads\/2020\/07\/IMG_4730-1024x768.jpg\" alt=\"\" data-id=\"321\" data-full-url=\"https:\/\/mywandern.net\/wp-content\/uploads\/2020\/07\/IMG_4730.jpg\" data-link=\"https:\/\/mywandern.net\/index.php\/2020\/06\/12\/vom-alten-flecken-freudenberg-zur-hansestadt-attendorn\/img_4730\/\" class=\"wp-image-321\" srcset=\"https:\/\/mywandern.net\/wp-content\/uploads\/2020\/07\/IMG_4730-1024x768.jpg 1024w, https:\/\/mywandern.net\/wp-content\/uploads\/2020\/07\/IMG_4730-300x225.jpg 300w, https:\/\/mywandern.net\/wp-content\/uploads\/2020\/07\/IMG_4730-768x576.jpg 768w, https:\/\/mywandern.net\/wp-content\/uploads\/2020\/07\/IMG_4730-80x60.jpg 80w, https:\/\/mywandern.net\/wp-content\/uploads\/2020\/07\/IMG_4730.jpg 1200w\" sizes=\"auto, (max-width: 1024px) 100vw, 1024px\" \/><\/a><\/figure><\/li><li class=\"blocks-gallery-item\"><figure><a href=\"https:\/\/mywandern.net\/wp-content\/uploads\/2020\/07\/IMG_4734.jpg\"><img loading=\"lazy\" decoding=\"async\" width=\"768\" height=\"1024\" src=\"https:\/\/mywandern.net\/wp-content\/uploads\/2020\/07\/IMG_4734-768x1024.jpg\" alt=\"\" data-id=\"322\" data-full-url=\"https:\/\/mywandern.net\/wp-content\/uploads\/2020\/07\/IMG_4734.jpg\" data-link=\"https:\/\/mywandern.net\/index.php\/2020\/06\/12\/vom-alten-flecken-freudenberg-zur-hansestadt-attendorn\/img_4734\/\" class=\"wp-image-322\" srcset=\"https:\/\/mywandern.net\/wp-content\/uploads\/2020\/07\/IMG_4734-768x1024.jpg 768w, https:\/\/mywandern.net\/wp-content\/uploads\/2020\/07\/IMG_4734-225x300.jpg 225w, https:\/\/mywandern.net\/wp-content\/uploads\/2020\/07\/IMG_4734-1152x1536.jpg 1152w, https:\/\/mywandern.net\/wp-content\/uploads\/2020\/07\/IMG_4734-45x60.jpg 45w, https:\/\/mywandern.net\/wp-content\/uploads\/2020\/07\/IMG_4734.jpg 1200w\" sizes=\"auto, (max-width: 768px) 100vw, 768px\" \/><\/a><\/figure><\/li><li class=\"blocks-gallery-item\"><figure><a href=\"https:\/\/mywandern.net\/wp-content\/uploads\/2020\/07\/IMG_4735.jpg\"><img loading=\"lazy\" decoding=\"async\" width=\"768\" height=\"1024\" src=\"https:\/\/mywandern.net\/wp-content\/uploads\/2020\/07\/IMG_4735-768x1024.jpg\" alt=\"\" data-id=\"323\" data-full-url=\"https:\/\/mywandern.net\/wp-content\/uploads\/2020\/07\/IMG_4735.jpg\" data-link=\"https:\/\/mywandern.net\/index.php\/2020\/06\/12\/vom-alten-flecken-freudenberg-zur-hansestadt-attendorn\/img_4735\/\" class=\"wp-image-323\" srcset=\"https:\/\/mywandern.net\/wp-content\/uploads\/2020\/07\/IMG_4735-768x1024.jpg 768w, https:\/\/mywandern.net\/wp-content\/uploads\/2020\/07\/IMG_4735-225x300.jpg 225w, https:\/\/mywandern.net\/wp-content\/uploads\/2020\/07\/IMG_4735-1152x1536.jpg 1152w, https:\/\/mywandern.net\/wp-content\/uploads\/2020\/07\/IMG_4735-45x60.jpg 45w, https:\/\/mywandern.net\/wp-content\/uploads\/2020\/07\/IMG_4735.jpg 1200w\" sizes=\"auto, (max-width: 768px) 100vw, 768px\" \/><\/a><\/figure><\/li><li class=\"blocks-gallery-item\"><figure><a href=\"https:\/\/mywandern.net\/wp-content\/uploads\/2020\/07\/IMG_4737.jpg\"><img loading=\"lazy\" decoding=\"async\" width=\"1024\" height=\"768\" src=\"https:\/\/mywandern.net\/wp-content\/uploads\/2020\/07\/IMG_4737-1024x768.jpg\" alt=\"\" data-id=\"324\" data-full-url=\"https:\/\/mywandern.net\/wp-content\/uploads\/2020\/07\/IMG_4737.jpg\" data-link=\"https:\/\/mywandern.net\/index.php\/2020\/06\/12\/vom-alten-flecken-freudenberg-zur-hansestadt-attendorn\/img_4737\/\" class=\"wp-image-324\" srcset=\"https:\/\/mywandern.net\/wp-content\/uploads\/2020\/07\/IMG_4737-1024x768.jpg 1024w, https:\/\/mywandern.net\/wp-content\/uploads\/2020\/07\/IMG_4737-300x225.jpg 300w, https:\/\/mywandern.net\/wp-content\/uploads\/2020\/07\/IMG_4737-768x576.jpg 768w, https:\/\/mywandern.net\/wp-content\/uploads\/2020\/07\/IMG_4737-80x60.jpg 80w, https:\/\/mywandern.net\/wp-content\/uploads\/2020\/07\/IMG_4737.jpg 1200w\" sizes=\"auto, (max-width: 1024px) 100vw, 1024px\" \/><\/a><\/figure><\/li><li class=\"blocks-gallery-item\"><figure><a href=\"https:\/\/mywandern.net\/wp-content\/uploads\/2020\/07\/IMG_4738.jpg\"><img loading=\"lazy\" decoding=\"async\" width=\"1024\" height=\"768\" src=\"https:\/\/mywandern.net\/wp-content\/uploads\/2020\/07\/IMG_4738-1024x768.jpg\" alt=\"\" data-id=\"325\" data-full-url=\"https:\/\/mywandern.net\/wp-content\/uploads\/2020\/07\/IMG_4738.jpg\" data-link=\"https:\/\/mywandern.net\/index.php\/2020\/06\/12\/vom-alten-flecken-freudenberg-zur-hansestadt-attendorn\/img_4738\/\" class=\"wp-image-325\" srcset=\"https:\/\/mywandern.net\/wp-content\/uploads\/2020\/07\/IMG_4738-1024x768.jpg 1024w, https:\/\/mywandern.net\/wp-content\/uploads\/2020\/07\/IMG_4738-300x225.jpg 300w, https:\/\/mywandern.net\/wp-content\/uploads\/2020\/07\/IMG_4738-768x576.jpg 768w, https:\/\/mywandern.net\/wp-content\/uploads\/2020\/07\/IMG_4738-80x60.jpg 80w, https:\/\/mywandern.net\/wp-content\/uploads\/2020\/07\/IMG_4738.jpg 1200w\" sizes=\"auto, (max-width: 1024px) 100vw, 1024px\" \/><\/a><\/figure><\/li><li class=\"blocks-gallery-item\"><figure><a href=\"https:\/\/mywandern.net\/wp-content\/uploads\/2020\/07\/IMG_4739.jpg\"><img loading=\"lazy\" decoding=\"async\" width=\"1024\" height=\"768\" src=\"https:\/\/mywandern.net\/wp-content\/uploads\/2020\/07\/IMG_4739-1024x768.jpg\" alt=\"\" data-id=\"326\" data-full-url=\"https:\/\/mywandern.net\/wp-content\/uploads\/2020\/07\/IMG_4739.jpg\" data-link=\"https:\/\/mywandern.net\/index.php\/2020\/06\/12\/vom-alten-flecken-freudenberg-zur-hansestadt-attendorn\/img_4739\/\" class=\"wp-image-326\" srcset=\"https:\/\/mywandern.net\/wp-content\/uploads\/2020\/07\/IMG_4739-1024x768.jpg 1024w, https:\/\/mywandern.net\/wp-content\/uploads\/2020\/07\/IMG_4739-300x225.jpg 300w, https:\/\/mywandern.net\/wp-content\/uploads\/2020\/07\/IMG_4739-768x576.jpg 768w, https:\/\/mywandern.net\/wp-content\/uploads\/2020\/07\/IMG_4739-80x60.jpg 80w, https:\/\/mywandern.net\/wp-content\/uploads\/2020\/07\/IMG_4739.jpg 1200w\" sizes=\"auto, (max-width: 1024px) 100vw, 1024px\" \/><\/a><\/figure><\/li><li class=\"blocks-gallery-item\"><figure><a href=\"https:\/\/mywandern.net\/wp-content\/uploads\/2020\/07\/IMG_4740.jpg\"><img loading=\"lazy\" decoding=\"async\" width=\"768\" height=\"1024\" src=\"https:\/\/mywandern.net\/wp-content\/uploads\/2020\/07\/IMG_4740-768x1024.jpg\" alt=\"\" data-id=\"327\" data-full-url=\"https:\/\/mywandern.net\/wp-content\/uploads\/2020\/07\/IMG_4740.jpg\" data-link=\"https:\/\/mywandern.net\/index.php\/2020\/06\/12\/vom-alten-flecken-freudenberg-zur-hansestadt-attendorn\/img_4740\/\" class=\"wp-image-327\" srcset=\"https:\/\/mywandern.net\/wp-content\/uploads\/2020\/07\/IMG_4740-768x1024.jpg 768w, https:\/\/mywandern.net\/wp-content\/uploads\/2020\/07\/IMG_4740-225x300.jpg 225w, https:\/\/mywandern.net\/wp-content\/uploads\/2020\/07\/IMG_4740-1152x1536.jpg 1152w, https:\/\/mywandern.net\/wp-content\/uploads\/2020\/07\/IMG_4740-45x60.jpg 45w, https:\/\/mywandern.net\/wp-content\/uploads\/2020\/07\/IMG_4740.jpg 1200w\" sizes=\"auto, (max-width: 768px) 100vw, 768px\" \/><\/a><\/figure><\/li><li class=\"blocks-gallery-item\"><figure><a href=\"https:\/\/mywandern.net\/wp-content\/uploads\/2020\/07\/IMG_4741.jpg\"><img loading=\"lazy\" decoding=\"async\" width=\"768\" height=\"1024\" src=\"https:\/\/mywandern.net\/wp-content\/uploads\/2020\/07\/IMG_4741-768x1024.jpg\" alt=\"\" data-id=\"328\" data-full-url=\"https:\/\/mywandern.net\/wp-content\/uploads\/2020\/07\/IMG_4741.jpg\" data-link=\"https:\/\/mywandern.net\/index.php\/2020\/06\/12\/vom-alten-flecken-freudenberg-zur-hansestadt-attendorn\/img_4741\/\" class=\"wp-image-328\" srcset=\"https:\/\/mywandern.net\/wp-content\/uploads\/2020\/07\/IMG_4741-768x1024.jpg 768w, https:\/\/mywandern.net\/wp-content\/uploads\/2020\/07\/IMG_4741-225x300.jpg 225w, https:\/\/mywandern.net\/wp-content\/uploads\/2020\/07\/IMG_4741-1152x1536.jpg 1152w, https:\/\/mywandern.net\/wp-content\/uploads\/2020\/07\/IMG_4741-45x60.jpg 45w, https:\/\/mywandern.net\/wp-content\/uploads\/2020\/07\/IMG_4741.jpg 1200w\" sizes=\"auto, (max-width: 768px) 100vw, 768px\" \/><\/a><\/figure><\/li><li class=\"blocks-gallery-item\"><figure><a href=\"https:\/\/mywandern.net\/wp-content\/uploads\/2020\/07\/IMG_4742.jpg\"><img loading=\"lazy\" decoding=\"async\" width=\"1024\" height=\"768\" src=\"https:\/\/mywandern.net\/wp-content\/uploads\/2020\/07\/IMG_4742-1024x768.jpg\" alt=\"\" data-id=\"329\" data-full-url=\"https:\/\/mywandern.net\/wp-content\/uploads\/2020\/07\/IMG_4742.jpg\" data-link=\"https:\/\/mywandern.net\/index.php\/2020\/06\/12\/vom-alten-flecken-freudenberg-zur-hansestadt-attendorn\/img_4742\/\" class=\"wp-image-329\" srcset=\"https:\/\/mywandern.net\/wp-content\/uploads\/2020\/07\/IMG_4742-1024x768.jpg 1024w, https:\/\/mywandern.net\/wp-content\/uploads\/2020\/07\/IMG_4742-300x225.jpg 300w, https:\/\/mywandern.net\/wp-content\/uploads\/2020\/07\/IMG_4742-768x576.jpg 768w, https:\/\/mywandern.net\/wp-content\/uploads\/2020\/07\/IMG_4742-80x60.jpg 80w, https:\/\/mywandern.net\/wp-content\/uploads\/2020\/07\/IMG_4742.jpg 1200w\" sizes=\"auto, (max-width: 1024px) 100vw, 1024px\" \/><\/a><\/figure><\/li><li class=\"blocks-gallery-item\"><figure><a href=\"https:\/\/mywandern.net\/wp-content\/uploads\/2020\/07\/IMG_4744.jpg\"><img loading=\"lazy\" decoding=\"async\" width=\"1024\" height=\"768\" src=\"https:\/\/mywandern.net\/wp-content\/uploads\/2020\/07\/IMG_4744-1024x768.jpg\" alt=\"\" data-id=\"330\" data-full-url=\"https:\/\/mywandern.net\/wp-content\/uploads\/2020\/07\/IMG_4744.jpg\" data-link=\"https:\/\/mywandern.net\/index.php\/2020\/06\/12\/vom-alten-flecken-freudenberg-zur-hansestadt-attendorn\/img_4744\/\" class=\"wp-image-330\" srcset=\"https:\/\/mywandern.net\/wp-content\/uploads\/2020\/07\/IMG_4744-1024x768.jpg 1024w, https:\/\/mywandern.net\/wp-content\/uploads\/2020\/07\/IMG_4744-300x225.jpg 300w, https:\/\/mywandern.net\/wp-content\/uploads\/2020\/07\/IMG_4744-768x576.jpg 768w, https:\/\/mywandern.net\/wp-content\/uploads\/2020\/07\/IMG_4744-80x60.jpg 80w, https:\/\/mywandern.net\/wp-content\/uploads\/2020\/07\/IMG_4744.jpg 1200w\" sizes=\"auto, (max-width: 1024px) 100vw, 1024px\" \/><\/a><\/figure><\/li><li class=\"blocks-gallery-item\"><figure><a href=\"https:\/\/mywandern.net\/wp-content\/uploads\/2020\/07\/IMG_4746.jpg\"><img loading=\"lazy\" decoding=\"async\" width=\"1024\" height=\"768\" src=\"https:\/\/mywandern.net\/wp-content\/uploads\/2020\/07\/IMG_4746-1024x768.jpg\" alt=\"\" data-id=\"331\" data-full-url=\"https:\/\/mywandern.net\/wp-content\/uploads\/2020\/07\/IMG_4746.jpg\" data-link=\"https:\/\/mywandern.net\/index.php\/2020\/06\/12\/vom-alten-flecken-freudenberg-zur-hansestadt-attendorn\/img_4746\/\" class=\"wp-image-331\" srcset=\"https:\/\/mywandern.net\/wp-content\/uploads\/2020\/07\/IMG_4746-1024x768.jpg 1024w, https:\/\/mywandern.net\/wp-content\/uploads\/2020\/07\/IMG_4746-300x225.jpg 300w, https:\/\/mywandern.net\/wp-content\/uploads\/2020\/07\/IMG_4746-768x576.jpg 768w, https:\/\/mywandern.net\/wp-content\/uploads\/2020\/07\/IMG_4746-80x60.jpg 80w, https:\/\/mywandern.net\/wp-content\/uploads\/2020\/07\/IMG_4746.jpg 1200w\" sizes=\"auto, (max-width: 1024px) 100vw, 1024px\" \/><\/a><\/figure><\/li><li class=\"blocks-gallery-item\"><figure><a href=\"https:\/\/mywandern.net\/wp-content\/uploads\/2020\/07\/IMG_4747.jpg\"><img loading=\"lazy\" decoding=\"async\" width=\"1024\" height=\"768\" src=\"https:\/\/mywandern.net\/wp-content\/uploads\/2020\/07\/IMG_4747-1024x768.jpg\" alt=\"\" data-id=\"332\" data-full-url=\"https:\/\/mywandern.net\/wp-content\/uploads\/2020\/07\/IMG_4747.jpg\" data-link=\"https:\/\/mywandern.net\/index.php\/2020\/06\/12\/vom-alten-flecken-freudenberg-zur-hansestadt-attendorn\/img_4747\/\" class=\"wp-image-332\" srcset=\"https:\/\/mywandern.net\/wp-content\/uploads\/2020\/07\/IMG_4747-1024x768.jpg 1024w, https:\/\/mywandern.net\/wp-content\/uploads\/2020\/07\/IMG_4747-300x225.jpg 300w, https:\/\/mywandern.net\/wp-content\/uploads\/2020\/07\/IMG_4747-768x576.jpg 768w, https:\/\/mywandern.net\/wp-content\/uploads\/2020\/07\/IMG_4747-80x60.jpg 80w, https:\/\/mywandern.net\/wp-content\/uploads\/2020\/07\/IMG_4747.jpg 1200w\" sizes=\"auto, (max-width: 1024px) 100vw, 1024px\" \/><\/a><\/figure><\/li><li class=\"blocks-gallery-item\"><figure><a href=\"https:\/\/mywandern.net\/wp-content\/uploads\/2020\/07\/IMG_4748.jpg\"><img loading=\"lazy\" decoding=\"async\" width=\"1024\" height=\"768\" src=\"https:\/\/mywandern.net\/wp-content\/uploads\/2020\/07\/IMG_4748-1024x768.jpg\" alt=\"\" data-id=\"333\" data-full-url=\"https:\/\/mywandern.net\/wp-content\/uploads\/2020\/07\/IMG_4748.jpg\" data-link=\"https:\/\/mywandern.net\/index.php\/2020\/06\/12\/vom-alten-flecken-freudenberg-zur-hansestadt-attendorn\/img_4748\/\" class=\"wp-image-333\" srcset=\"https:\/\/mywandern.net\/wp-content\/uploads\/2020\/07\/IMG_4748-1024x768.jpg 1024w, https:\/\/mywandern.net\/wp-content\/uploads\/2020\/07\/IMG_4748-300x225.jpg 300w, https:\/\/mywandern.net\/wp-content\/uploads\/2020\/07\/IMG_4748-768x576.jpg 768w, https:\/\/mywandern.net\/wp-content\/uploads\/2020\/07\/IMG_4748-80x60.jpg 80w, https:\/\/mywandern.net\/wp-content\/uploads\/2020\/07\/IMG_4748.jpg 1200w\" sizes=\"auto, (max-width: 1024px) 100vw, 1024px\" \/><\/a><\/figure><\/li><li class=\"blocks-gallery-item\"><figure><a href=\"https:\/\/mywandern.net\/wp-content\/uploads\/2020\/07\/IMG_4749.jpg\"><img loading=\"lazy\" decoding=\"async\" width=\"1024\" height=\"768\" src=\"https:\/\/mywandern.net\/wp-content\/uploads\/2020\/07\/IMG_4749-1024x768.jpg\" alt=\"\" data-id=\"334\" data-full-url=\"https:\/\/mywandern.net\/wp-content\/uploads\/2020\/07\/IMG_4749.jpg\" data-link=\"https:\/\/mywandern.net\/index.php\/2020\/06\/12\/vom-alten-flecken-freudenberg-zur-hansestadt-attendorn\/img_4749\/\" class=\"wp-image-334\" srcset=\"https:\/\/mywandern.net\/wp-content\/uploads\/2020\/07\/IMG_4749-1024x768.jpg 1024w, https:\/\/mywandern.net\/wp-content\/uploads\/2020\/07\/IMG_4749-300x225.jpg 300w, https:\/\/mywandern.net\/wp-content\/uploads\/2020\/07\/IMG_4749-768x576.jpg 768w, https:\/\/mywandern.net\/wp-content\/uploads\/2020\/07\/IMG_4749-80x60.jpg 80w, https:\/\/mywandern.net\/wp-content\/uploads\/2020\/07\/IMG_4749.jpg 1200w\" sizes=\"auto, (max-width: 1024px) 100vw, 1024px\" \/><\/a><\/figure><\/li><\/ul><\/figure>\n<\/div><\/div>\n\n\n\n<p><\/p>\n","protected":false},"excerpt":{"rendered":"<p>Eine Wanderung durch S\u00fcdwestfalen vom Siegerland ins Sauerland, genauer vom Alten Flecken (Freudenberg) in die Hansestadt Attendorn. Wir wandern vom Siegerland ins Sauerland, genauer vom Alten Flecken (Freudenberg) mit dem historischen komplett in Fachwerkbauweise errichteten Stadtkern \u00fcber das K\u00f6lsche Heck zur alten Hansestadt Attendorn, ebenfalls mit sch\u00f6nem, historischem Stadtkern. Graf Johann der IV. von Nassau, &hellip; <\/p>\n","protected":false},"author":1,"featured_media":306,"comment_status":"open","ping_status":"open","sticky":false,"template":"","format":"standard","meta":{"footnotes":""},"categories":[2],"tags":[],"class_list":["post-284","post","type-post","status-publish","format-standard","has-post-thumbnail","hentry","category-wanderungen"],"_links":{"self":[{"href":"https:\/\/mywandern.net\/index.php\/wp-json\/wp\/v2\/posts\/284","targetHints":{"allow":["GET"]}}],"collection":[{"href":"https:\/\/mywandern.net\/index.php\/wp-json\/wp\/v2\/posts"}],"about":[{"href":"https:\/\/mywandern.net\/index.php\/wp-json\/wp\/v2\/types\/post"}],"author":[{"embeddable":true,"href":"https:\/\/mywandern.net\/index.php\/wp-json\/wp\/v2\/users\/1"}],"replies":[{"embeddable":true,"href":"https:\/\/mywandern.net\/index.php\/wp-json\/wp\/v2\/comments?post=284"}],"version-history":[{"count":6,"href":"https:\/\/mywandern.net\/index.php\/wp-json\/wp\/v2\/posts\/284\/revisions"}],"predecessor-version":[{"id":574,"href":"https:\/\/mywandern.net\/index.php\/wp-json\/wp\/v2\/posts\/284\/revisions\/574"}],"wp:featuredmedia":[{"embeddable":true,"href":"https:\/\/mywandern.net\/index.php\/wp-json\/wp\/v2\/media\/306"}],"wp:attachment":[{"href":"https:\/\/mywandern.net\/index.php\/wp-json\/wp\/v2\/media?parent=284"}],"wp:term":[{"taxonomy":"category","embeddable":true,"href":"https:\/\/mywandern.net\/index.php\/wp-json\/wp\/v2\/categories?post=284"},{"taxonomy":"post_tag","embeddable":true,"href":"https:\/\/mywandern.net\/index.php\/wp-json\/wp\/v2\/tags?post=284"}],"curies":[{"name":"wp","href":"https:\/\/api.w.org\/{rel}","templated":true}]}}