{"id":206,"date":"2020-05-23T16:33:00","date_gmt":"2020-05-23T14:33:00","guid":{"rendered":"http:\/\/mywandern.net\/?p=206"},"modified":"2020-07-12T17:13:08","modified_gmt":"2020-07-12T15:13:08","slug":"rundweg-roscheid-attendorn-zurueck-ueber-den-sauerland-hoehenflug","status":"publish","type":"post","link":"https:\/\/mywandern.net\/index.php\/2020\/05\/23\/rundweg-roscheid-attendorn-zurueck-ueber-den-sauerland-hoehenflug\/","title":{"rendered":"Rundweg Roscheid &#8211; Attendorn &#038; zur\u00fcck \u00fcber den Sauerland H\u00f6henflug"},"content":{"rendered":"\n<p>Rundweg Roscheid &#8211; Attendorn, \u00fcber Fernholte und durch das Eckenbachtal zur\u00fcck \u00fcber den Sauerland H\u00f6henflug.<br><br>Abgesehen vom Zugangsweg zum H\u00f6henflug ist die Strecke sehr einfach zu laufen. H\u00f6hepunkt ist hinter Windhausen, auf dem H\u00f6henflug, der mit Kunstwerken geschm\u00fcckte \u201eKater-Holzig-Weg\u201c.<br><br>Tipp:<br>Nach der Tour l\u00e4dt Familie Luke auf dem Landgasthof Roscheid zu einem deftigem Mahl mit gutb\u00fcrgerlicher K\u00fcche ein:<br>www.hof-roscheid.de<\/p>\n\n\n\n<p><strong>Details<\/strong><\/p>\n\n\n\n<figure class=\"wp-block-table\"><table class=\"has-subtle-pale-green-background-color has-background\"><tbody><tr><td>Schwierigkeit<\/td><td>mittel<\/td><\/tr><tr><td>Kondition<\/td><td><img decoding=\"async\" src=\"http:\/\/mywandern.net\/wp-content\/uploads\/2020\/07\/wanderer_blau.png\" alt=\"\"><img decoding=\"async\" src=\"http:\/\/mywandern.net\/wp-content\/uploads\/2020\/07\/wanderer_blau.png\" alt=\"\"><img decoding=\"async\" src=\"http:\/\/mywandern.net\/wp-content\/uploads\/2020\/07\/wanderer_blau.png\" alt=\"\"><img decoding=\"async\" src=\"http:\/\/mywandern.net\/wp-content\/uploads\/2020\/07\/wanderer_grau.png\" alt=\"\"><img decoding=\"async\" src=\"http:\/\/mywandern.net\/wp-content\/uploads\/2020\/07\/wanderer_grau.png\" alt=\"\"><\/td><\/tr><tr><td>Erlebnis<\/td><td><img decoding=\"async\" src=\"http:\/\/mywandern.net\/wp-content\/uploads\/2020\/07\/wanderer_blau.png\" alt=\"\"><img decoding=\"async\" src=\"http:\/\/mywandern.net\/wp-content\/uploads\/2020\/07\/wanderer_blau.png\" alt=\"\"><img decoding=\"async\" src=\"http:\/\/mywandern.net\/wp-content\/uploads\/2020\/07\/wanderer_blau.png\" alt=\"\"><img decoding=\"async\" src=\"http:\/\/mywandern.net\/wp-content\/uploads\/2020\/07\/wanderer_blau.png\" alt=\"\"><img decoding=\"async\" src=\"http:\/\/mywandern.net\/wp-content\/uploads\/2020\/07\/wanderer_grau.png\" alt=\"\"><\/td><\/tr><tr><td>Landschaft<\/td><td><img decoding=\"async\" src=\"http:\/\/mywandern.net\/wp-content\/uploads\/2020\/07\/wanderer_blau.png\" alt=\"\"><img decoding=\"async\" src=\"http:\/\/mywandern.net\/wp-content\/uploads\/2020\/07\/wanderer_blau.png\" alt=\"\"><img decoding=\"async\" src=\"http:\/\/mywandern.net\/wp-content\/uploads\/2020\/07\/wanderer_blau.png\" alt=\"\"><img decoding=\"async\" src=\"http:\/\/mywandern.net\/wp-content\/uploads\/2020\/07\/wanderer_blau.png\" alt=\"\"><img decoding=\"async\" src=\"http:\/\/mywandern.net\/wp-content\/uploads\/2020\/07\/wanderer_grau.png\" alt=\"\"><\/td><\/tr><tr><td>Technik<\/td><td><img decoding=\"async\" src=\"http:\/\/mywandern.net\/wp-content\/uploads\/2020\/07\/wanderer_blau.png\" alt=\"\"><img decoding=\"async\" src=\"http:\/\/mywandern.net\/wp-content\/uploads\/2020\/07\/wanderer_blau.png\" alt=\"\"><img decoding=\"async\" src=\"http:\/\/mywandern.net\/wp-content\/uploads\/2020\/07\/wanderer_grau.png\" alt=\"\"><img decoding=\"async\" src=\"http:\/\/mywandern.net\/wp-content\/uploads\/2020\/07\/wanderer_grau.png\" alt=\"\"><img decoding=\"async\" src=\"http:\/\/mywandern.net\/wp-content\/uploads\/2020\/07\/wanderer_grau.png\" alt=\"\"><\/td><\/tr><tr><td>Strecke<\/td><td>11,0 km<\/td><\/tr><tr><td>Dauer<\/td><td>3:06h<\/td><\/tr><tr><td>H\u00f6henmeter<\/td><td>320m<\/td><\/tr><tr><td>Rundweg<\/td><td>ja<\/td><\/tr><tr><td>Bewertung<\/td><td><img decoding=\"async\" src=\"http:\/\/mywandern.net\/wp-content\/uploads\/2020\/07\/wanderer_blau.png\" alt=\"\"><img decoding=\"async\" src=\"http:\/\/mywandern.net\/wp-content\/uploads\/2020\/07\/wanderer_blau.png\" alt=\"\"><img decoding=\"async\" src=\"http:\/\/mywandern.net\/wp-content\/uploads\/2020\/07\/wanderer_blau.png\" alt=\"\"><img decoding=\"async\" src=\"http:\/\/mywandern.net\/wp-content\/uploads\/2020\/07\/wanderer_blau.png\" alt=\"\"><img decoding=\"async\" src=\"http:\/\/mywandern.net\/wp-content\/uploads\/2020\/07\/wanderer_blau.png\" alt=\"\"><\/td><\/tr><tr><td>Kalorienverbrauch<\/td><td>794 Kcal<\/td><\/tr><\/tbody><\/table><\/figure>\n\n\n\n<p><strong>Wegbeschreibung<\/strong><br>Wir starten am Wanderparkplatz Attendorn Roscheid und folgen dem H\u00f6henflug Zugangsweg abw\u00e4rts. Vorbei an Fernholte, durch das Eckenbachtal, querfeldein kommen wir im Wohngebiet Wippeskuhlen an. Strack durch Biekhofen, den Himberg hoch, kommen wir wieder auf einen Sauerland H\u00f6henflug Zugangsweg, der bei Windhausen auf den H\u00f6henflug m\u00fcndet.<\/p>\n\n\n\n<p>Zwischen Windhausen und Roscheid finden wir uns pl\u00f6tzlich auf dem mit Kustwerken geschm\u00fcckten \u201eKater-Holzig-Weg\u201c.<\/p>\n\n\n\n<p><strong>Start:<\/strong> Wanderparkplatz Roscheid (Attendorn) (422 m)<br><br>Koordinaten: <br>Geographisch 51.133649, 7.835236<br>UTM 32U 418505 5665332<\/p>\n\n\n\n<p><strong>Ziel:<\/strong> Wanderparkplatz Roscheid (Attendorn) <br><\/p>\n\n\n\n<p><strong>Anfahrt, Parken, \u00d6ffentliche Verkehrsmittel<\/strong><br>A 45 &#8211; Abfahrt Olpe oder Meinerzhagen in Richtung Attendorn, Finnentrop<br><br>In Roscheid &#8211; vor &#8222;Hof Roscheid&#8220; steht uns ein Wanderparkplatz zur Verf\u00fcgung.<br><br>Mit Bahn und Bus erreichbar.<br> Anreise \u00fcber die Strecke Hagen-Siegen mit Umstieg in Finnentrop.<\/p>\n\n\n\n<p><br><\/p>\n\n\n\n<p><\/p>\n\n\n\n<p><strong>Karte<\/strong><\/p>\n\n\n\n<p><script type=\"text\/javascript\" src=\"https:\/\/www.outdooractive.com\/de\/embed\/166995222\/js?mw=false\"><\/script><\/p>\n\n\n\n<div class=\"wp-block-group\"><div class=\"wp-block-group__inner-container is-layout-flow wp-block-group-is-layout-flow\">\n<p><strong>Weitere Infos<\/strong><\/p>\n\n\n\n<p><a href=\"https:\/\/de.wikipedia.org\/wiki\/Attendorn\">https:\/\/de.wikipedia.org\/wiki\/Attendorn<\/a><\/p>\n\n\n\n<p><a href=\"https:\/\/de.wikipedia.org\/wiki\/Roscheid_(Attendorn)\">https:\/\/de.wikipedia.org\/wiki\/Roscheid_(Attendorn)<\/a><\/p>\n<\/div><\/div>\n\n\n\n<p><strong>Bilder<\/strong><\/p>\n\n\n\n<div class=\"wp-block-group\"><div class=\"wp-block-group__inner-container is-layout-flow wp-block-group-is-layout-flow\">\n<figure class=\"wp-block-gallery columns-3 is-cropped wp-block-gallery-1 is-layout-flex wp-block-gallery-is-layout-flex\"><ul class=\"blocks-gallery-grid\"><li class=\"blocks-gallery-item\"><figure><a href=\"http:\/\/mywandern.net\/wp-content\/uploads\/2020\/07\/kater-holzig-weg3.jpg\"><img loading=\"lazy\" decoding=\"async\" width=\"768\" height=\"1024\" src=\"http:\/\/mywandern.net\/wp-content\/uploads\/2020\/07\/kater-holzig-weg3-768x1024.jpg\" alt=\"\" data-id=\"202\" data-full-url=\"http:\/\/mywandern.net\/wp-content\/uploads\/2020\/07\/kater-holzig-weg3.jpg\" data-link=\"http:\/\/mywandern.net\/index.php\/2020\/05\/21\/rundweg-um-das-eckenbachtal-attendorn\/kater-holzig-weg3\/\" class=\"wp-image-202\" srcset=\"https:\/\/mywandern.net\/wp-content\/uploads\/2020\/07\/kater-holzig-weg3-768x1024.jpg 768w, https:\/\/mywandern.net\/wp-content\/uploads\/2020\/07\/kater-holzig-weg3-225x300.jpg 225w, https:\/\/mywandern.net\/wp-content\/uploads\/2020\/07\/kater-holzig-weg3-1152x1536.jpg 1152w, https:\/\/mywandern.net\/wp-content\/uploads\/2020\/07\/kater-holzig-weg3-45x60.jpg 45w, https:\/\/mywandern.net\/wp-content\/uploads\/2020\/07\/kater-holzig-weg3.jpg 1200w\" sizes=\"auto, (max-width: 768px) 100vw, 768px\" \/><\/a><\/figure><\/li><li class=\"blocks-gallery-item\"><figure><a href=\"http:\/\/mywandern.net\/wp-content\/uploads\/2020\/07\/kater-holzig-weg2.jpg\"><img loading=\"lazy\" decoding=\"async\" width=\"768\" height=\"1024\" src=\"http:\/\/mywandern.net\/wp-content\/uploads\/2020\/07\/kater-holzig-weg2-768x1024.jpg\" alt=\"\" data-id=\"201\" data-full-url=\"http:\/\/mywandern.net\/wp-content\/uploads\/2020\/07\/kater-holzig-weg2.jpg\" data-link=\"http:\/\/mywandern.net\/index.php\/2020\/05\/21\/rundweg-um-das-eckenbachtal-attendorn\/kater-holzig-weg2\/\" class=\"wp-image-201\" srcset=\"https:\/\/mywandern.net\/wp-content\/uploads\/2020\/07\/kater-holzig-weg2-768x1024.jpg 768w, https:\/\/mywandern.net\/wp-content\/uploads\/2020\/07\/kater-holzig-weg2-225x300.jpg 225w, https:\/\/mywandern.net\/wp-content\/uploads\/2020\/07\/kater-holzig-weg2-1152x1536.jpg 1152w, https:\/\/mywandern.net\/wp-content\/uploads\/2020\/07\/kater-holzig-weg2-45x60.jpg 45w, https:\/\/mywandern.net\/wp-content\/uploads\/2020\/07\/kater-holzig-weg2.jpg 1200w\" sizes=\"auto, (max-width: 768px) 100vw, 768px\" \/><\/a><\/figure><\/li><li class=\"blocks-gallery-item\"><figure><a href=\"http:\/\/mywandern.net\/wp-content\/uploads\/2020\/07\/kater-holzig-weg4.jpg\"><img loading=\"lazy\" decoding=\"async\" width=\"768\" height=\"1024\" src=\"http:\/\/mywandern.net\/wp-content\/uploads\/2020\/07\/kater-holzig-weg4-768x1024.jpg\" alt=\"\" data-id=\"199\" data-full-url=\"http:\/\/mywandern.net\/wp-content\/uploads\/2020\/07\/kater-holzig-weg4.jpg\" data-link=\"http:\/\/mywandern.net\/index.php\/2020\/05\/21\/rundweg-um-das-eckenbachtal-attendorn\/kater-holzig-weg4\/\" class=\"wp-image-199\" srcset=\"https:\/\/mywandern.net\/wp-content\/uploads\/2020\/07\/kater-holzig-weg4-768x1024.jpg 768w, https:\/\/mywandern.net\/wp-content\/uploads\/2020\/07\/kater-holzig-weg4-225x300.jpg 225w, https:\/\/mywandern.net\/wp-content\/uploads\/2020\/07\/kater-holzig-weg4-1152x1536.jpg 1152w, https:\/\/mywandern.net\/wp-content\/uploads\/2020\/07\/kater-holzig-weg4-45x60.jpg 45w, https:\/\/mywandern.net\/wp-content\/uploads\/2020\/07\/kater-holzig-weg4.jpg 1200w\" sizes=\"auto, (max-width: 768px) 100vw, 768px\" \/><\/a><\/figure><\/li><li class=\"blocks-gallery-item\"><figure><a href=\"http:\/\/mywandern.net\/wp-content\/uploads\/2020\/07\/windhausen-sauerland-hoehenflug5.jpg\"><img loading=\"lazy\" decoding=\"async\" width=\"1024\" height=\"768\" src=\"http:\/\/mywandern.net\/wp-content\/uploads\/2020\/07\/windhausen-sauerland-hoehenflug5-1024x768.jpg\" alt=\"\" data-id=\"198\" data-full-url=\"http:\/\/mywandern.net\/wp-content\/uploads\/2020\/07\/windhausen-sauerland-hoehenflug5.jpg\" data-link=\"http:\/\/mywandern.net\/index.php\/2020\/05\/21\/rundweg-um-das-eckenbachtal-attendorn\/windhausen-sauerland-hoehenflug5\/\" class=\"wp-image-198\" srcset=\"https:\/\/mywandern.net\/wp-content\/uploads\/2020\/07\/windhausen-sauerland-hoehenflug5-1024x768.jpg 1024w, https:\/\/mywandern.net\/wp-content\/uploads\/2020\/07\/windhausen-sauerland-hoehenflug5-300x225.jpg 300w, https:\/\/mywandern.net\/wp-content\/uploads\/2020\/07\/windhausen-sauerland-hoehenflug5-768x576.jpg 768w, https:\/\/mywandern.net\/wp-content\/uploads\/2020\/07\/windhausen-sauerland-hoehenflug5-1536x1152.jpg 1536w, https:\/\/mywandern.net\/wp-content\/uploads\/2020\/07\/windhausen-sauerland-hoehenflug5-80x60.jpg 80w, https:\/\/mywandern.net\/wp-content\/uploads\/2020\/07\/windhausen-sauerland-hoehenflug5.jpg 2048w\" sizes=\"auto, (max-width: 1024px) 100vw, 1024px\" \/><\/a><\/figure><\/li><li class=\"blocks-gallery-item\"><figure><a href=\"http:\/\/mywandern.net\/wp-content\/uploads\/2020\/07\/sauerland-hoehenflug6.jpg\"><img loading=\"lazy\" decoding=\"async\" width=\"1024\" height=\"768\" src=\"http:\/\/mywandern.net\/wp-content\/uploads\/2020\/07\/sauerland-hoehenflug6-1024x768.jpg\" alt=\"\" data-id=\"197\" data-full-url=\"http:\/\/mywandern.net\/wp-content\/uploads\/2020\/07\/sauerland-hoehenflug6.jpg\" data-link=\"http:\/\/mywandern.net\/index.php\/2020\/05\/21\/rundweg-um-das-eckenbachtal-attendorn\/sauerland-hoehenflug6\/\" class=\"wp-image-197\" srcset=\"https:\/\/mywandern.net\/wp-content\/uploads\/2020\/07\/sauerland-hoehenflug6-1024x768.jpg 1024w, https:\/\/mywandern.net\/wp-content\/uploads\/2020\/07\/sauerland-hoehenflug6-300x225.jpg 300w, https:\/\/mywandern.net\/wp-content\/uploads\/2020\/07\/sauerland-hoehenflug6-768x576.jpg 768w, https:\/\/mywandern.net\/wp-content\/uploads\/2020\/07\/sauerland-hoehenflug6-1536x1152.jpg 1536w, https:\/\/mywandern.net\/wp-content\/uploads\/2020\/07\/sauerland-hoehenflug6-80x60.jpg 80w, https:\/\/mywandern.net\/wp-content\/uploads\/2020\/07\/sauerland-hoehenflug6.jpg 2048w\" sizes=\"auto, (max-width: 1024px) 100vw, 1024px\" \/><\/a><\/figure><\/li><li class=\"blocks-gallery-item\"><figure><a href=\"http:\/\/mywandern.net\/wp-content\/uploads\/2020\/07\/kater-holzig-weg.jpg\"><img loading=\"lazy\" decoding=\"async\" width=\"1024\" height=\"768\" src=\"http:\/\/mywandern.net\/wp-content\/uploads\/2020\/07\/kater-holzig-weg-1024x768.jpg\" alt=\"\" data-id=\"196\" data-full-url=\"http:\/\/mywandern.net\/wp-content\/uploads\/2020\/07\/kater-holzig-weg.jpg\" data-link=\"http:\/\/mywandern.net\/index.php\/2020\/05\/21\/rundweg-um-das-eckenbachtal-attendorn\/kater-holzig-weg\/\" class=\"wp-image-196\" srcset=\"https:\/\/mywandern.net\/wp-content\/uploads\/2020\/07\/kater-holzig-weg-1024x768.jpg 1024w, https:\/\/mywandern.net\/wp-content\/uploads\/2020\/07\/kater-holzig-weg-300x225.jpg 300w, https:\/\/mywandern.net\/wp-content\/uploads\/2020\/07\/kater-holzig-weg-768x576.jpg 768w, https:\/\/mywandern.net\/wp-content\/uploads\/2020\/07\/kater-holzig-weg-80x60.jpg 80w, https:\/\/mywandern.net\/wp-content\/uploads\/2020\/07\/kater-holzig-weg.jpg 1200w\" sizes=\"auto, (max-width: 1024px) 100vw, 1024px\" \/><\/a><\/figure><\/li><li class=\"blocks-gallery-item\"><figure><a href=\"http:\/\/mywandern.net\/wp-content\/uploads\/2020\/07\/ausbilck-auf-den-biggesee.jpg\"><img loading=\"lazy\" decoding=\"async\" width=\"1024\" height=\"768\" src=\"http:\/\/mywandern.net\/wp-content\/uploads\/2020\/07\/ausbilck-auf-den-biggesee-1024x768.jpg\" alt=\"\" data-id=\"195\" data-full-url=\"http:\/\/mywandern.net\/wp-content\/uploads\/2020\/07\/ausbilck-auf-den-biggesee.jpg\" data-link=\"http:\/\/mywandern.net\/index.php\/2020\/05\/21\/rundweg-um-das-eckenbachtal-attendorn\/ausbilck-auf-den-biggesee\/\" class=\"wp-image-195\" srcset=\"https:\/\/mywandern.net\/wp-content\/uploads\/2020\/07\/ausbilck-auf-den-biggesee-1024x768.jpg 1024w, https:\/\/mywandern.net\/wp-content\/uploads\/2020\/07\/ausbilck-auf-den-biggesee-300x225.jpg 300w, https:\/\/mywandern.net\/wp-content\/uploads\/2020\/07\/ausbilck-auf-den-biggesee-768x576.jpg 768w, https:\/\/mywandern.net\/wp-content\/uploads\/2020\/07\/ausbilck-auf-den-biggesee-1536x1152.jpg 1536w, https:\/\/mywandern.net\/wp-content\/uploads\/2020\/07\/ausbilck-auf-den-biggesee-80x60.jpg 80w, https:\/\/mywandern.net\/wp-content\/uploads\/2020\/07\/ausbilck-auf-den-biggesee.jpg 2048w\" sizes=\"auto, (max-width: 1024px) 100vw, 1024px\" \/><\/a><\/figure><\/li><\/ul><\/figure>\n<\/div><\/div>\n\n\n\n<p><\/p>\n","protected":false},"excerpt":{"rendered":"<p>Rundweg Roscheid &#8211; Attendorn, \u00fcber Fernholte und durch das Eckenbachtal zur\u00fcck \u00fcber den Sauerland H\u00f6henflug. Abgesehen vom Zugangsweg zum H\u00f6henflug ist die Strecke sehr einfach zu laufen. H\u00f6hepunkt ist hinter Windhausen, auf dem H\u00f6henflug, der mit Kunstwerken geschm\u00fcckte \u201eKater-Holzig-Weg\u201c. Tipp:Nach der Tour l\u00e4dt Familie Luke auf dem Landgasthof Roscheid zu einem deftigem Mahl mit gutb\u00fcrgerlicher &hellip; <\/p>\n","protected":false},"author":1,"featured_media":198,"comment_status":"open","ping_status":"open","sticky":false,"template":"","format":"standard","meta":{"footnotes":""},"categories":[2],"tags":[],"class_list":["post-206","post","type-post","status-publish","format-standard","has-post-thumbnail","hentry","category-wanderungen"],"_links":{"self":[{"href":"https:\/\/mywandern.net\/index.php\/wp-json\/wp\/v2\/posts\/206","targetHints":{"allow":["GET"]}}],"collection":[{"href":"https:\/\/mywandern.net\/index.php\/wp-json\/wp\/v2\/posts"}],"about":[{"href":"https:\/\/mywandern.net\/index.php\/wp-json\/wp\/v2\/types\/post"}],"author":[{"embeddable":true,"href":"https:\/\/mywandern.net\/index.php\/wp-json\/wp\/v2\/users\/1"}],"replies":[{"embeddable":true,"href":"https:\/\/mywandern.net\/index.php\/wp-json\/wp\/v2\/comments?post=206"}],"version-history":[{"count":5,"href":"https:\/\/mywandern.net\/index.php\/wp-json\/wp\/v2\/posts\/206\/revisions"}],"predecessor-version":[{"id":577,"href":"https:\/\/mywandern.net\/index.php\/wp-json\/wp\/v2\/posts\/206\/revisions\/577"}],"wp:featuredmedia":[{"embeddable":true,"href":"https:\/\/mywandern.net\/index.php\/wp-json\/wp\/v2\/media\/198"}],"wp:attachment":[{"href":"https:\/\/mywandern.net\/index.php\/wp-json\/wp\/v2\/media?parent=206"}],"wp:term":[{"taxonomy":"category","embeddable":true,"href":"https:\/\/mywandern.net\/index.php\/wp-json\/wp\/v2\/categories?post=206"},{"taxonomy":"post_tag","embeddable":true,"href":"https:\/\/mywandern.net\/index.php\/wp-json\/wp\/v2\/tags?post=206"}],"curies":[{"name":"wp","href":"https:\/\/api.w.org\/{rel}","templated":true}]}}