{"id":164,"date":"2020-07-22T11:00:00","date_gmt":"2020-07-22T09:00:00","guid":{"rendered":"http:\/\/mywandern.net\/?p=164"},"modified":"2020-08-04T16:57:55","modified_gmt":"2020-08-04T14:57:55","slug":"alpenueberqueung-2020","status":"publish","type":"post","link":"https:\/\/mywandern.net\/index.php\/2020\/07\/22\/alpenueberqueung-2020\/","title":{"rendered":"Alpen\u00fcberquerung 2020"},"content":{"rendered":"\n<p>Wir starten in F\u00fcssen und erreichen nach <strong>6<\/strong> Tagen, <strong>117,92<\/strong> km und <strong>3.983<\/strong> Hm Meran in S\u00fcdtirol. <\/p>\n\n\n\n<p><img loading=\"lazy\" decoding=\"async\" width=\"30\" height=\"29\" class=\"wp-image-452\" style=\"width: 30px;\" src=\"https:\/\/mywandern.net\/wp-content\/uploads\/2020\/07\/erledigt.png\" alt=\"\"> = erfolgreich bew\u00e4ltigt<\/p>\n\n\n\n<figure class=\"wp-block-table is-style-stripes\"><table><tbody><tr><td><a href=\"https:\/\/mywandern.net\/index.php\/2020\/07\/22\/packliste-mehrtageswanderung\/\">Unsere Packliste<\/a><\/td><td><\/td><td><img decoding=\"async\" src=\"https:\/\/mywandern.net\/wp-content\/uploads\/2020\/07\/erledigt.png\" alt=\"\" style=\"width: 20px;\"><\/td><\/tr><tr><td><a href=\"https:\/\/mywandern.net\/index.php\/2020\/07\/26\/aue2020-1-wanderung-von-fuessen-nach-reutte\/\">Tag 1 &#8211; Wanderung von F\u00fcssen nach Reutte<\/a><\/td><td><\/td><td><img decoding=\"async\" src=\"https:\/\/mywandern.net\/wp-content\/uploads\/2020\/07\/erledigt.png\" alt=\"\" style=\"width: 20px;\"><\/td><\/tr><tr><td><a href=\"https:\/\/mywandern.net\/index.php\/2020\/07\/27\/aue2020-2-wanderung-ehrwald-zum-fernsteinsee\/\">Tag 2 &#8211; Wanderung von Ehrwald zum Fernsteinsee<\/a><\/td><td><\/td><td><img decoding=\"async\" src=\"https:\/\/mywandern.net\/wp-content\/uploads\/2020\/07\/erledigt.png\" alt=\"\" style=\"width: 20px;\"><\/td><\/tr><tr><td><a href=\"https:\/\/mywandern.net\/index.php\/2020\/07\/28\/aue2020-3-wanderung-von-fernsteinsee-nach-imst\/\">Tag 3 &#8211; Wanderung von Fernsteinsee nach Imst<\/a><\/td><td><\/td><td><img decoding=\"async\" src=\"https:\/\/mywandern.net\/wp-content\/uploads\/2020\/07\/erledigt.png\" alt=\"\" style=\"width: 20px;\"><\/td><\/tr><tr><td><a href=\"https:\/\/mywandern.net\/index.php\/2020\/07\/29\/aue2020-4-wanderung-von-umhausen-nach-laengenfeld\/\">Tag 4 &#8211; Wanderung von Umhausen nach L\u00e4ngenfeld<\/a><br><a href=\"https:\/\/mywandern.net\/index.php\/2020\/07\/30\/abstecher-zum-gipfel-des-gaislachkogl\/\"><strong>Special<\/strong> &#8211; Abstecher zum Gipfel des Gaislachkogl<\/a><\/td><td><\/td><td><img decoding=\"async\" src=\"https:\/\/mywandern.net\/wp-content\/uploads\/2020\/07\/erledigt.png\" alt=\"\" style=\"width: 20px;\"><br><\/td><\/tr><tr><td><a href=\"https:\/\/mywandern.net\/index.php\/2020\/07\/30\/aue2020-5-wanderung-von-soelden-nach-obergurgl\/\">Tag 5 &#8211; Wanderung von S\u00f6lden nach Obergurgl<\/a><\/td><td><\/td><td><img decoding=\"async\" src=\"https:\/\/mywandern.net\/wp-content\/uploads\/2020\/07\/erledigt.png\" alt=\"\" style=\"width: 20px;\"><\/td><\/tr><tr><td><a href=\"https:\/\/mywandern.net\/index.php\/2020\/07\/31\/aue2020-6-wanderung-vom-timmelsjoch-nach-st-leonhard-im-passeiertal\/\">Tag 6 &#8211; Wanderung vom Timmelsjoch nach St. Leonhard im Passeier<\/a><\/td><td><\/td><td><img decoding=\"async\" src=\"https:\/\/mywandern.net\/wp-content\/uploads\/2020\/07\/erledigt.png\" alt=\"\" style=\"width: 20px;\"><\/td><\/tr><\/tbody><\/table><\/figure>\n\n\n\n<p><\/p>\n","protected":false},"excerpt":{"rendered":"<p>Wir starten in F\u00fcssen und erreichen nach 6 Tagen, 117,92 km und 3.983 Hm Meran in S\u00fcdtirol. = erfolgreich bew\u00e4ltigt Unsere Packliste Tag 1 &#8211; Wanderung von F\u00fcssen nach Reutte Tag 2 &#8211; Wanderung von Ehrwald zum Fernsteinsee Tag 3 &#8211; Wanderung von Fernsteinsee nach Imst Tag 4 &#8211; Wanderung von Umhausen nach L\u00e4ngenfeldSpecial &#8211; &hellip; <\/p>\n","protected":false},"author":2,"featured_media":711,"comment_status":"open","ping_status":"open","sticky":false,"template":"","format":"standard","meta":{"footnotes":""},"categories":[14],"tags":[],"class_list":["post-164","post","type-post","status-publish","format-standard","has-post-thumbnail","hentry","category-projekte"],"_links":{"self":[{"href":"https:\/\/mywandern.net\/index.php\/wp-json\/wp\/v2\/posts\/164","targetHints":{"allow":["GET"]}}],"collection":[{"href":"https:\/\/mywandern.net\/index.php\/wp-json\/wp\/v2\/posts"}],"about":[{"href":"https:\/\/mywandern.net\/index.php\/wp-json\/wp\/v2\/types\/post"}],"author":[{"embeddable":true,"href":"https:\/\/mywandern.net\/index.php\/wp-json\/wp\/v2\/users\/2"}],"replies":[{"embeddable":true,"href":"https:\/\/mywandern.net\/index.php\/wp-json\/wp\/v2\/comments?post=164"}],"version-history":[{"count":20,"href":"https:\/\/mywandern.net\/index.php\/wp-json\/wp\/v2\/posts\/164\/revisions"}],"predecessor-version":[{"id":1155,"href":"https:\/\/mywandern.net\/index.php\/wp-json\/wp\/v2\/posts\/164\/revisions\/1155"}],"wp:featuredmedia":[{"embeddable":true,"href":"https:\/\/mywandern.net\/index.php\/wp-json\/wp\/v2\/media\/711"}],"wp:attachment":[{"href":"https:\/\/mywandern.net\/index.php\/wp-json\/wp\/v2\/media?parent=164"}],"wp:term":[{"taxonomy":"category","embeddable":true,"href":"https:\/\/mywandern.net\/index.php\/wp-json\/wp\/v2\/categories?post=164"},{"taxonomy":"post_tag","embeddable":true,"href":"https:\/\/mywandern.net\/index.php\/wp-json\/wp\/v2\/tags?post=164"}],"curies":[{"name":"wp","href":"https:\/\/api.w.org\/{rel}","templated":true}]}}