{"id":1343,"date":"2021-02-15T19:07:26","date_gmt":"2021-02-15T18:07:26","guid":{"rendered":"https:\/\/mywandern.net\/?p=1343"},"modified":"2022-07-31T18:53:32","modified_gmt":"2022-07-31T16:53:32","slug":"von-alchen-in-die-trupbacher-heide","status":"publish","type":"post","link":"https:\/\/mywandern.net\/index.php\/2021\/02\/15\/von-alchen-in-die-trupbacher-heide\/","title":{"rendered":"Von Alchen in die Trupbacher Heide"},"content":{"rendered":"\n<p>Abwechslungsreiche Rundwanderung mit sch\u00f6nen Weitblicken ins Siegerland und einem au\u00dfergew\u00f6hnlichen Naturraum in der Trupbacher Heide.<\/p>\n\n\n\n<p>Start ist am Ortsrand von Alchen, am dortigen Fu\u00dfballplatz. Der Ort wird auf sch\u00f6nen Wegen zur H\u00e4lfte umrundet. \u00dcber den Zimmert f\u00fchrt die Wanderung nun in die Trupbacher Heide.<\/p>\n\n\n\n<p>In einem weiten Bogen geht es oberhalb von Trupbach durch das Naturschutzgebiet. Auf dem ehemaligen Truppen\u00fcbungsgel\u00e4nde ist ein Lebensraum f\u00fcr seltene Tier- und Pflanzenarten entstanden. Man findet eine teilweise offene Landschaft mit Heidekraut, Birken und Magerwiesen. Im Wechsel dazu wandert man durch urige Bacht\u00e4ler. Man verl\u00e4sst die Trupbacher Heide schlie\u00dflich in Richtung Alchen, um von dort hinauf zum Parkplatz zu gelangen.<\/p>\n\n\n\n<p>Man wandert auf Forst-, Feld-, oder Wiesenwegen und auch ein paar schmale Pfade sind dabei. In ortsn\u00e4he gibt es auch einige Asphaltpassagen.<\/p>\n\n\n\n<p>Die Wanderung ist unterschiedlich gekennzeichnet, und man \u00fcberwindet einige moderate Steigungen. Es gibt einige sch\u00f6ne Rastpl\u00e4tze mit B\u00e4nken. Vor allem in der Trupbacher Heide lohnt sich eine Rast.<\/p>\n\n\n\n<p>Quelle: Outdooractive<\/p>\n\n\n\n<p><strong>Details<\/strong><\/p>\n\n\n\n<figure class=\"wp-block-table\"><table class=\"has-subtle-pale-green-background-color has-background\"><tbody><tr><td>Schwierigkeit<\/td><td><img decoding=\"async\" src=\"http:\/\/mywandern.net\/wp-content\/uploads\/2020\/07\/wanderer_blau.png\" alt=\"\"><img decoding=\"async\" src=\"http:\/\/mywandern.net\/wp-content\/uploads\/2020\/07\/wanderer_blau.png\" alt=\"\"><img decoding=\"async\" src=\"http:\/\/mywandern.net\/wp-content\/uploads\/2020\/07\/wanderer_grau.png\" alt=\"\"><img decoding=\"async\" src=\"http:\/\/mywandern.net\/wp-content\/uploads\/2020\/07\/wanderer_grau.png\" alt=\"\"><img decoding=\"async\" src=\"http:\/\/mywandern.net\/wp-content\/uploads\/2020\/07\/wanderer_grau.png\" alt=\"\"><\/td><\/tr><tr><td>Kondition<\/td><td><img decoding=\"async\" src=\"http:\/\/mywandern.net\/wp-content\/uploads\/2020\/07\/wanderer_blau.png\" alt=\"\"><img decoding=\"async\" src=\"http:\/\/mywandern.net\/wp-content\/uploads\/2020\/07\/wanderer_blau.png\" alt=\"\"><img decoding=\"async\" src=\"http:\/\/mywandern.net\/wp-content\/uploads\/2020\/07\/wanderer_blau.png\" alt=\"\"><img decoding=\"async\" src=\"http:\/\/mywandern.net\/wp-content\/uploads\/2020\/07\/wanderer_grau.png\" alt=\"\"><img decoding=\"async\" src=\"http:\/\/mywandern.net\/wp-content\/uploads\/2020\/07\/wanderer_grau.png\" alt=\"\"><\/td><\/tr><tr><td>Erlebnis<\/td><td><img decoding=\"async\" src=\"http:\/\/mywandern.net\/wp-content\/uploads\/2020\/07\/wanderer_blau.png\" alt=\"\"><img decoding=\"async\" src=\"http:\/\/mywandern.net\/wp-content\/uploads\/2020\/07\/wanderer_blau.png\" alt=\"\"><img decoding=\"async\" src=\"http:\/\/mywandern.net\/wp-content\/uploads\/2020\/07\/wanderer_blau.png\" alt=\"\"><img decoding=\"async\" src=\"http:\/\/mywandern.net\/wp-content\/uploads\/2020\/07\/wanderer_blau.png\" alt=\"\"><img decoding=\"async\" src=\"http:\/\/mywandern.net\/wp-content\/uploads\/2020\/07\/wanderer_grau.png\" alt=\"\"><\/td><\/tr><tr><td>Landschaft<\/td><td><img decoding=\"async\" src=\"http:\/\/mywandern.net\/wp-content\/uploads\/2020\/07\/wanderer_blau.png\" alt=\"\"><img decoding=\"async\" src=\"http:\/\/mywandern.net\/wp-content\/uploads\/2020\/07\/wanderer_blau.png\" alt=\"\"><img decoding=\"async\" src=\"http:\/\/mywandern.net\/wp-content\/uploads\/2020\/07\/wanderer_blau.png\" alt=\"\"><img decoding=\"async\" src=\"http:\/\/mywandern.net\/wp-content\/uploads\/2020\/07\/wanderer_blau.png\" alt=\"\"><img decoding=\"async\" src=\"http:\/\/mywandern.net\/wp-content\/uploads\/2020\/07\/wanderer_grau.png\" alt=\"\"><\/td><\/tr><tr><td>Technik<\/td><td><img decoding=\"async\" src=\"http:\/\/mywandern.net\/wp-content\/uploads\/2020\/07\/wanderer_blau.png\" alt=\"\"><img decoding=\"async\" src=\"http:\/\/mywandern.net\/wp-content\/uploads\/2020\/07\/wanderer_blau.png\" alt=\"\"><img decoding=\"async\" src=\"http:\/\/mywandern.net\/wp-content\/uploads\/2020\/07\/wanderer_grau.png\" alt=\"\"><img decoding=\"async\" src=\"http:\/\/mywandern.net\/wp-content\/uploads\/2020\/07\/wanderer_grau.png\" alt=\"\"><img decoding=\"async\" src=\"http:\/\/mywandern.net\/wp-content\/uploads\/2020\/07\/wanderer_grau.png\" alt=\"\"><\/td><\/tr><tr><td>Strecke<\/td><td>15,9 Km<\/td><\/tr><tr><td>Dauer<\/td><td>4 h<\/td><\/tr><tr><td>H\u00f6henmeter<\/td><td>310 hm<\/td><\/tr><tr><td>Rundweg<\/td><td>Ja<\/td><\/tr><tr><td>Bewertung<\/td><td><img decoding=\"async\" src=\"http:\/\/mywandern.net\/wp-content\/uploads\/2020\/07\/wanderer_blau.png\" alt=\"\"><img decoding=\"async\" src=\"http:\/\/mywandern.net\/wp-content\/uploads\/2020\/07\/wanderer_blau.png\" alt=\"\"><img decoding=\"async\" src=\"http:\/\/mywandern.net\/wp-content\/uploads\/2020\/07\/wanderer_blau.png\" alt=\"\"><img decoding=\"async\" src=\"http:\/\/mywandern.net\/wp-content\/uploads\/2020\/07\/wanderer_blau.png\" alt=\"\"><img decoding=\"async\" src=\"http:\/\/mywandern.net\/wp-content\/uploads\/2020\/07\/wanderer_grau.png\" alt=\"\"><\/td><\/tr><tr><td>Kalorienverbrauch<\/td><td>1259 kcal<\/td><\/tr><\/tbody><\/table><\/figure>\n\n\n\n<p><strong>Wegbeschreibung<\/strong><br>Bei Outdoofactive hat die Autorin eine tolle Wegbeschreibung hinterlegt. Man kann diese \u00fcber die Karte (unten) aufrufen.<\/p>\n\n\n\n<p><strong>Start:<\/strong> <br>Parkplatz Wolfskaute in Alchen (346 m)<br>DG 50.895473, 7.942384 <br>GMS 50\u00b053&#8217;43.7&#8243;N 7\u00b056&#8217;32.6&#8243;E <br>UTM 32U 425621 5638733<\/p>\n\n\n\n<p><strong>Ziel:<\/strong><br>Parkplatz Wolfskaute in Alchen (346 m)<\/p>\n\n\n\n<p><strong>Anfahrt, Parken, \u00d6ffentliche Verkehrsmittel<\/strong><br>Am Parkplatz Wolfskaute stehen reichlich Parkpl\u00e4tze zur Verf\u00fcgung.<\/p>\n\n\n\n<p><\/p>\n\n\n\n<p><strong>Karte<\/strong><\/p>\n\n\n\n<script type=\"text\/javascript\" src=\"https:\/\/www.outdooractive.com\/de\/embed\/110421534\/js?mw=false\"><\/script>\n\n\n\n<div class=\"wp-block-group\"><div class=\"wp-block-group__inner-container is-layout-flow wp-block-group-is-layout-flow\">\n<p><strong>Weitere Infos<\/strong><\/p>\n\n\n\n<p><\/p>\n<\/div><\/div>\n\n\n\n<p><strong>Bilder<\/strong><\/p>\n\n\n\n<div class=\"wp-block-group\"><div class=\"wp-block-group__inner-container is-layout-flow wp-block-group-is-layout-flow\">\n<figure class=\"wp-block-gallery columns-3 is-cropped wp-block-gallery-1 is-layout-flex wp-block-gallery-is-layout-flex\"><ul class=\"blocks-gallery-grid\"><li class=\"blocks-gallery-item\"><figure><a href=\"https:\/\/mywandern.net\/wp-content\/uploads\/2021\/02\/IMG_5941.jpg\"><img loading=\"lazy\" decoding=\"async\" width=\"1024\" height=\"768\" src=\"https:\/\/mywandern.net\/wp-content\/uploads\/2021\/02\/IMG_5941.jpg\" alt=\"\" data-id=\"1345\" data-link=\"https:\/\/mywandern.net\/index.php\/2021\/02\/15\/von-alchen-in-die-trupacher-heide\/img_5941\/\" class=\"wp-image-1345\" srcset=\"https:\/\/mywandern.net\/wp-content\/uploads\/2021\/02\/IMG_5941.jpg 1024w, https:\/\/mywandern.net\/wp-content\/uploads\/2021\/02\/IMG_5941-300x225.jpg 300w, https:\/\/mywandern.net\/wp-content\/uploads\/2021\/02\/IMG_5941-768x576.jpg 768w, https:\/\/mywandern.net\/wp-content\/uploads\/2021\/02\/IMG_5941-80x60.jpg 80w\" sizes=\"auto, (max-width: 1024px) 100vw, 1024px\" \/><\/a><\/figure><\/li><li class=\"blocks-gallery-item\"><figure><a href=\"https:\/\/mywandern.net\/wp-content\/uploads\/2021\/02\/IMG_5937.jpg\"><img loading=\"lazy\" decoding=\"async\" width=\"1024\" height=\"768\" src=\"https:\/\/mywandern.net\/wp-content\/uploads\/2021\/02\/IMG_5937.jpg\" alt=\"\" data-id=\"1346\" data-link=\"https:\/\/mywandern.net\/index.php\/2021\/02\/15\/von-alchen-in-die-trupacher-heide\/img_5937\/\" class=\"wp-image-1346\" srcset=\"https:\/\/mywandern.net\/wp-content\/uploads\/2021\/02\/IMG_5937.jpg 1024w, https:\/\/mywandern.net\/wp-content\/uploads\/2021\/02\/IMG_5937-300x225.jpg 300w, https:\/\/mywandern.net\/wp-content\/uploads\/2021\/02\/IMG_5937-768x576.jpg 768w, https:\/\/mywandern.net\/wp-content\/uploads\/2021\/02\/IMG_5937-80x60.jpg 80w\" sizes=\"auto, (max-width: 1024px) 100vw, 1024px\" \/><\/a><\/figure><\/li><li class=\"blocks-gallery-item\"><figure><a href=\"https:\/\/mywandern.net\/wp-content\/uploads\/2021\/02\/IMG_5938.jpg\"><img loading=\"lazy\" decoding=\"async\" width=\"1024\" height=\"768\" src=\"https:\/\/mywandern.net\/wp-content\/uploads\/2021\/02\/IMG_5938.jpg\" alt=\"\" data-id=\"1347\" data-link=\"https:\/\/mywandern.net\/index.php\/2021\/02\/15\/von-alchen-in-die-trupacher-heide\/img_5938\/\" class=\"wp-image-1347\" srcset=\"https:\/\/mywandern.net\/wp-content\/uploads\/2021\/02\/IMG_5938.jpg 1024w, https:\/\/mywandern.net\/wp-content\/uploads\/2021\/02\/IMG_5938-300x225.jpg 300w, https:\/\/mywandern.net\/wp-content\/uploads\/2021\/02\/IMG_5938-768x576.jpg 768w, https:\/\/mywandern.net\/wp-content\/uploads\/2021\/02\/IMG_5938-80x60.jpg 80w\" sizes=\"auto, (max-width: 1024px) 100vw, 1024px\" \/><\/a><\/figure><\/li><li class=\"blocks-gallery-item\"><figure><a href=\"https:\/\/mywandern.net\/wp-content\/uploads\/2021\/02\/IMG_5939.jpg\"><img loading=\"lazy\" decoding=\"async\" width=\"1024\" height=\"768\" src=\"https:\/\/mywandern.net\/wp-content\/uploads\/2021\/02\/IMG_5939.jpg\" alt=\"\" data-id=\"1348\" data-link=\"https:\/\/mywandern.net\/index.php\/2021\/02\/15\/von-alchen-in-die-trupacher-heide\/img_5939\/\" class=\"wp-image-1348\" srcset=\"https:\/\/mywandern.net\/wp-content\/uploads\/2021\/02\/IMG_5939.jpg 1024w, https:\/\/mywandern.net\/wp-content\/uploads\/2021\/02\/IMG_5939-300x225.jpg 300w, https:\/\/mywandern.net\/wp-content\/uploads\/2021\/02\/IMG_5939-768x576.jpg 768w, https:\/\/mywandern.net\/wp-content\/uploads\/2021\/02\/IMG_5939-80x60.jpg 80w\" sizes=\"auto, (max-width: 1024px) 100vw, 1024px\" \/><\/a><\/figure><\/li><li class=\"blocks-gallery-item\"><figure><a href=\"https:\/\/mywandern.net\/wp-content\/uploads\/2021\/02\/IMG_5940.jpg\"><img loading=\"lazy\" decoding=\"async\" width=\"1024\" height=\"768\" src=\"https:\/\/mywandern.net\/wp-content\/uploads\/2021\/02\/IMG_5940.jpg\" alt=\"\" data-id=\"1350\" data-link=\"https:\/\/mywandern.net\/index.php\/2021\/02\/15\/von-alchen-in-die-trupacher-heide\/img_5940\/\" class=\"wp-image-1350\" srcset=\"https:\/\/mywandern.net\/wp-content\/uploads\/2021\/02\/IMG_5940.jpg 1024w, https:\/\/mywandern.net\/wp-content\/uploads\/2021\/02\/IMG_5940-300x225.jpg 300w, https:\/\/mywandern.net\/wp-content\/uploads\/2021\/02\/IMG_5940-768x576.jpg 768w, https:\/\/mywandern.net\/wp-content\/uploads\/2021\/02\/IMG_5940-80x60.jpg 80w\" sizes=\"auto, (max-width: 1024px) 100vw, 1024px\" \/><\/a><\/figure><\/li><li class=\"blocks-gallery-item\"><figure><a href=\"https:\/\/mywandern.net\/wp-content\/uploads\/2021\/02\/IMG_5942.jpg\"><img loading=\"lazy\" decoding=\"async\" width=\"1024\" height=\"768\" src=\"https:\/\/mywandern.net\/wp-content\/uploads\/2021\/02\/IMG_5942.jpg\" alt=\"\" data-id=\"1351\" data-link=\"https:\/\/mywandern.net\/index.php\/2021\/02\/15\/von-alchen-in-die-trupacher-heide\/img_5942\/\" class=\"wp-image-1351\" srcset=\"https:\/\/mywandern.net\/wp-content\/uploads\/2021\/02\/IMG_5942.jpg 1024w, https:\/\/mywandern.net\/wp-content\/uploads\/2021\/02\/IMG_5942-300x225.jpg 300w, https:\/\/mywandern.net\/wp-content\/uploads\/2021\/02\/IMG_5942-768x576.jpg 768w, https:\/\/mywandern.net\/wp-content\/uploads\/2021\/02\/IMG_5942-80x60.jpg 80w\" sizes=\"auto, (max-width: 1024px) 100vw, 1024px\" \/><\/a><\/figure><\/li><li class=\"blocks-gallery-item\"><figure><a href=\"https:\/\/mywandern.net\/wp-content\/uploads\/2021\/02\/IMG_5943-768x1024.jpg\"><img loading=\"lazy\" decoding=\"async\" width=\"768\" height=\"1024\" src=\"https:\/\/mywandern.net\/wp-content\/uploads\/2021\/02\/IMG_5943-768x1024.jpg\" alt=\"\" data-id=\"1352\" data-link=\"https:\/\/mywandern.net\/index.php\/2021\/02\/15\/von-alchen-in-die-trupacher-heide\/img_5943\/\" class=\"wp-image-1352\" srcset=\"https:\/\/mywandern.net\/wp-content\/uploads\/2021\/02\/IMG_5943-768x1024.jpg 768w, https:\/\/mywandern.net\/wp-content\/uploads\/2021\/02\/IMG_5943-225x300.jpg 225w, https:\/\/mywandern.net\/wp-content\/uploads\/2021\/02\/IMG_5943-45x60.jpg 45w, https:\/\/mywandern.net\/wp-content\/uploads\/2021\/02\/IMG_5943.jpg 1024w\" sizes=\"auto, (max-width: 768px) 100vw, 768px\" \/><\/a><\/figure><\/li><li class=\"blocks-gallery-item\"><figure><a href=\"https:\/\/mywandern.net\/wp-content\/uploads\/2021\/02\/IMG_5944-768x1024.jpg\"><img loading=\"lazy\" decoding=\"async\" width=\"768\" height=\"1024\" src=\"https:\/\/mywandern.net\/wp-content\/uploads\/2021\/02\/IMG_5944-768x1024.jpg\" alt=\"\" data-id=\"1353\" data-link=\"https:\/\/mywandern.net\/index.php\/2021\/02\/15\/von-alchen-in-die-trupacher-heide\/img_5944\/\" class=\"wp-image-1353\" srcset=\"https:\/\/mywandern.net\/wp-content\/uploads\/2021\/02\/IMG_5944-768x1024.jpg 768w, https:\/\/mywandern.net\/wp-content\/uploads\/2021\/02\/IMG_5944-225x300.jpg 225w, https:\/\/mywandern.net\/wp-content\/uploads\/2021\/02\/IMG_5944-45x60.jpg 45w, https:\/\/mywandern.net\/wp-content\/uploads\/2021\/02\/IMG_5944.jpg 1024w\" sizes=\"auto, (max-width: 768px) 100vw, 768px\" \/><\/a><\/figure><\/li><li class=\"blocks-gallery-item\"><figure><a href=\"https:\/\/mywandern.net\/wp-content\/uploads\/2021\/02\/IMG_5945-768x1024.jpg\"><img loading=\"lazy\" decoding=\"async\" width=\"768\" height=\"1024\" src=\"https:\/\/mywandern.net\/wp-content\/uploads\/2021\/02\/IMG_5945-768x1024.jpg\" alt=\"\" data-id=\"1354\" data-link=\"https:\/\/mywandern.net\/index.php\/2021\/02\/15\/von-alchen-in-die-trupacher-heide\/img_5945\/\" class=\"wp-image-1354\" srcset=\"https:\/\/mywandern.net\/wp-content\/uploads\/2021\/02\/IMG_5945-768x1024.jpg 768w, https:\/\/mywandern.net\/wp-content\/uploads\/2021\/02\/IMG_5945-225x300.jpg 225w, https:\/\/mywandern.net\/wp-content\/uploads\/2021\/02\/IMG_5945-45x60.jpg 45w, https:\/\/mywandern.net\/wp-content\/uploads\/2021\/02\/IMG_5945.jpg 1024w\" sizes=\"auto, (max-width: 768px) 100vw, 768px\" \/><\/a><\/figure><\/li><li class=\"blocks-gallery-item\"><figure><a href=\"https:\/\/mywandern.net\/wp-content\/uploads\/2021\/02\/IMG_5946.jpg\"><img loading=\"lazy\" decoding=\"async\" width=\"1024\" height=\"768\" src=\"https:\/\/mywandern.net\/wp-content\/uploads\/2021\/02\/IMG_5946.jpg\" alt=\"\" data-id=\"1355\" data-link=\"https:\/\/mywandern.net\/index.php\/2021\/02\/15\/von-alchen-in-die-trupacher-heide\/img_5946\/\" class=\"wp-image-1355\" srcset=\"https:\/\/mywandern.net\/wp-content\/uploads\/2021\/02\/IMG_5946.jpg 1024w, https:\/\/mywandern.net\/wp-content\/uploads\/2021\/02\/IMG_5946-300x225.jpg 300w, https:\/\/mywandern.net\/wp-content\/uploads\/2021\/02\/IMG_5946-768x576.jpg 768w, https:\/\/mywandern.net\/wp-content\/uploads\/2021\/02\/IMG_5946-80x60.jpg 80w\" sizes=\"auto, (max-width: 1024px) 100vw, 1024px\" \/><\/a><\/figure><\/li><li class=\"blocks-gallery-item\"><figure><a href=\"https:\/\/mywandern.net\/wp-content\/uploads\/2021\/02\/IMG_5947.jpg\"><img loading=\"lazy\" decoding=\"async\" width=\"1024\" height=\"768\" src=\"https:\/\/mywandern.net\/wp-content\/uploads\/2021\/02\/IMG_5947.jpg\" alt=\"\" data-id=\"1356\" data-link=\"https:\/\/mywandern.net\/index.php\/2021\/02\/15\/von-alchen-in-die-trupacher-heide\/img_5947\/\" class=\"wp-image-1356\" srcset=\"https:\/\/mywandern.net\/wp-content\/uploads\/2021\/02\/IMG_5947.jpg 1024w, https:\/\/mywandern.net\/wp-content\/uploads\/2021\/02\/IMG_5947-300x225.jpg 300w, https:\/\/mywandern.net\/wp-content\/uploads\/2021\/02\/IMG_5947-768x576.jpg 768w, https:\/\/mywandern.net\/wp-content\/uploads\/2021\/02\/IMG_5947-80x60.jpg 80w\" sizes=\"auto, (max-width: 1024px) 100vw, 1024px\" \/><\/a><\/figure><\/li><li class=\"blocks-gallery-item\"><figure><a href=\"https:\/\/mywandern.net\/wp-content\/uploads\/2021\/02\/IMG_5948-768x1024.jpg\"><img loading=\"lazy\" decoding=\"async\" width=\"768\" height=\"1024\" src=\"https:\/\/mywandern.net\/wp-content\/uploads\/2021\/02\/IMG_5948-768x1024.jpg\" alt=\"\" data-id=\"1357\" data-link=\"https:\/\/mywandern.net\/index.php\/2021\/02\/15\/von-alchen-in-die-trupacher-heide\/img_5948\/\" class=\"wp-image-1357\" srcset=\"https:\/\/mywandern.net\/wp-content\/uploads\/2021\/02\/IMG_5948-768x1024.jpg 768w, https:\/\/mywandern.net\/wp-content\/uploads\/2021\/02\/IMG_5948-225x300.jpg 225w, https:\/\/mywandern.net\/wp-content\/uploads\/2021\/02\/IMG_5948-45x60.jpg 45w, https:\/\/mywandern.net\/wp-content\/uploads\/2021\/02\/IMG_5948.jpg 1024w\" sizes=\"auto, (max-width: 768px) 100vw, 768px\" \/><\/a><\/figure><\/li><li class=\"blocks-gallery-item\"><figure><a href=\"https:\/\/mywandern.net\/wp-content\/uploads\/2021\/02\/IMG_5949-768x1024.jpg\"><img loading=\"lazy\" decoding=\"async\" width=\"768\" height=\"1024\" src=\"https:\/\/mywandern.net\/wp-content\/uploads\/2021\/02\/IMG_5949-768x1024.jpg\" alt=\"\" data-id=\"1358\" data-link=\"https:\/\/mywandern.net\/index.php\/2021\/02\/15\/von-alchen-in-die-trupacher-heide\/img_5949\/\" class=\"wp-image-1358\" srcset=\"https:\/\/mywandern.net\/wp-content\/uploads\/2021\/02\/IMG_5949-768x1024.jpg 768w, https:\/\/mywandern.net\/wp-content\/uploads\/2021\/02\/IMG_5949-225x300.jpg 225w, https:\/\/mywandern.net\/wp-content\/uploads\/2021\/02\/IMG_5949-45x60.jpg 45w, https:\/\/mywandern.net\/wp-content\/uploads\/2021\/02\/IMG_5949.jpg 1024w\" sizes=\"auto, (max-width: 768px) 100vw, 768px\" \/><\/a><\/figure><\/li><li class=\"blocks-gallery-item\"><figure><a href=\"https:\/\/mywandern.net\/wp-content\/uploads\/2021\/02\/IMG_5950.jpg\"><img loading=\"lazy\" decoding=\"async\" width=\"1024\" height=\"768\" src=\"https:\/\/mywandern.net\/wp-content\/uploads\/2021\/02\/IMG_5950.jpg\" alt=\"\" data-id=\"1359\" data-link=\"https:\/\/mywandern.net\/index.php\/2021\/02\/15\/von-alchen-in-die-trupacher-heide\/img_5950\/\" class=\"wp-image-1359\" srcset=\"https:\/\/mywandern.net\/wp-content\/uploads\/2021\/02\/IMG_5950.jpg 1024w, https:\/\/mywandern.net\/wp-content\/uploads\/2021\/02\/IMG_5950-300x225.jpg 300w, https:\/\/mywandern.net\/wp-content\/uploads\/2021\/02\/IMG_5950-768x576.jpg 768w, https:\/\/mywandern.net\/wp-content\/uploads\/2021\/02\/IMG_5950-80x60.jpg 80w\" sizes=\"auto, (max-width: 1024px) 100vw, 1024px\" \/><\/a><\/figure><\/li><li class=\"blocks-gallery-item\"><figure><a href=\"https:\/\/mywandern.net\/wp-content\/uploads\/2021\/02\/IMG_5951.jpg\"><img loading=\"lazy\" decoding=\"async\" width=\"1024\" height=\"768\" src=\"https:\/\/mywandern.net\/wp-content\/uploads\/2021\/02\/IMG_5951.jpg\" alt=\"\" data-id=\"1360\" data-link=\"https:\/\/mywandern.net\/index.php\/2021\/02\/15\/von-alchen-in-die-trupacher-heide\/img_5951\/\" class=\"wp-image-1360\" srcset=\"https:\/\/mywandern.net\/wp-content\/uploads\/2021\/02\/IMG_5951.jpg 1024w, https:\/\/mywandern.net\/wp-content\/uploads\/2021\/02\/IMG_5951-300x225.jpg 300w, https:\/\/mywandern.net\/wp-content\/uploads\/2021\/02\/IMG_5951-768x576.jpg 768w, https:\/\/mywandern.net\/wp-content\/uploads\/2021\/02\/IMG_5951-80x60.jpg 80w\" sizes=\"auto, (max-width: 1024px) 100vw, 1024px\" \/><\/a><\/figure><\/li><li class=\"blocks-gallery-item\"><figure><a href=\"https:\/\/mywandern.net\/wp-content\/uploads\/2021\/02\/IMG_5952.jpg\"><img loading=\"lazy\" decoding=\"async\" width=\"1024\" height=\"768\" src=\"https:\/\/mywandern.net\/wp-content\/uploads\/2021\/02\/IMG_5952.jpg\" alt=\"\" data-id=\"1361\" data-link=\"https:\/\/mywandern.net\/index.php\/2021\/02\/15\/von-alchen-in-die-trupacher-heide\/img_5952\/\" class=\"wp-image-1361\" srcset=\"https:\/\/mywandern.net\/wp-content\/uploads\/2021\/02\/IMG_5952.jpg 1024w, https:\/\/mywandern.net\/wp-content\/uploads\/2021\/02\/IMG_5952-300x225.jpg 300w, https:\/\/mywandern.net\/wp-content\/uploads\/2021\/02\/IMG_5952-768x576.jpg 768w, https:\/\/mywandern.net\/wp-content\/uploads\/2021\/02\/IMG_5952-80x60.jpg 80w\" sizes=\"auto, (max-width: 1024px) 100vw, 1024px\" \/><\/a><\/figure><\/li><li class=\"blocks-gallery-item\"><figure><a href=\"https:\/\/mywandern.net\/wp-content\/uploads\/2021\/02\/IMG_5953.jpg\"><img loading=\"lazy\" decoding=\"async\" width=\"1024\" height=\"768\" src=\"https:\/\/mywandern.net\/wp-content\/uploads\/2021\/02\/IMG_5953.jpg\" alt=\"\" data-id=\"1362\" data-link=\"https:\/\/mywandern.net\/index.php\/2021\/02\/15\/von-alchen-in-die-trupacher-heide\/img_5953\/\" class=\"wp-image-1362\" srcset=\"https:\/\/mywandern.net\/wp-content\/uploads\/2021\/02\/IMG_5953.jpg 1024w, https:\/\/mywandern.net\/wp-content\/uploads\/2021\/02\/IMG_5953-300x225.jpg 300w, https:\/\/mywandern.net\/wp-content\/uploads\/2021\/02\/IMG_5953-768x576.jpg 768w, https:\/\/mywandern.net\/wp-content\/uploads\/2021\/02\/IMG_5953-80x60.jpg 80w\" sizes=\"auto, (max-width: 1024px) 100vw, 1024px\" \/><\/a><\/figure><\/li><li class=\"blocks-gallery-item\"><figure><a href=\"https:\/\/mywandern.net\/wp-content\/uploads\/2021\/02\/IMG_5954.jpg\"><img loading=\"lazy\" decoding=\"async\" width=\"1024\" height=\"768\" src=\"https:\/\/mywandern.net\/wp-content\/uploads\/2021\/02\/IMG_5954.jpg\" alt=\"\" data-id=\"1363\" data-link=\"https:\/\/mywandern.net\/index.php\/2021\/02\/15\/von-alchen-in-die-trupacher-heide\/img_5954\/\" class=\"wp-image-1363\" srcset=\"https:\/\/mywandern.net\/wp-content\/uploads\/2021\/02\/IMG_5954.jpg 1024w, https:\/\/mywandern.net\/wp-content\/uploads\/2021\/02\/IMG_5954-300x225.jpg 300w, https:\/\/mywandern.net\/wp-content\/uploads\/2021\/02\/IMG_5954-768x576.jpg 768w, https:\/\/mywandern.net\/wp-content\/uploads\/2021\/02\/IMG_5954-80x60.jpg 80w\" sizes=\"auto, (max-width: 1024px) 100vw, 1024px\" \/><\/a><\/figure><\/li><li class=\"blocks-gallery-item\"><figure><a href=\"https:\/\/mywandern.net\/wp-content\/uploads\/2021\/02\/IMG_5955.jpg\"><img loading=\"lazy\" decoding=\"async\" width=\"1024\" height=\"768\" src=\"https:\/\/mywandern.net\/wp-content\/uploads\/2021\/02\/IMG_5955.jpg\" alt=\"\" data-id=\"1364\" data-link=\"https:\/\/mywandern.net\/index.php\/2021\/02\/15\/von-alchen-in-die-trupacher-heide\/img_5955\/\" class=\"wp-image-1364\" srcset=\"https:\/\/mywandern.net\/wp-content\/uploads\/2021\/02\/IMG_5955.jpg 1024w, https:\/\/mywandern.net\/wp-content\/uploads\/2021\/02\/IMG_5955-300x225.jpg 300w, https:\/\/mywandern.net\/wp-content\/uploads\/2021\/02\/IMG_5955-768x576.jpg 768w, https:\/\/mywandern.net\/wp-content\/uploads\/2021\/02\/IMG_5955-80x60.jpg 80w\" sizes=\"auto, (max-width: 1024px) 100vw, 1024px\" \/><\/a><\/figure><\/li><li class=\"blocks-gallery-item\"><figure><a href=\"https:\/\/mywandern.net\/wp-content\/uploads\/2021\/02\/IMG_5956.jpg\"><img loading=\"lazy\" decoding=\"async\" width=\"1024\" height=\"768\" src=\"https:\/\/mywandern.net\/wp-content\/uploads\/2021\/02\/IMG_5956.jpg\" alt=\"\" data-id=\"1365\" data-link=\"https:\/\/mywandern.net\/index.php\/2021\/02\/15\/von-alchen-in-die-trupacher-heide\/img_5956\/\" class=\"wp-image-1365\" srcset=\"https:\/\/mywandern.net\/wp-content\/uploads\/2021\/02\/IMG_5956.jpg 1024w, https:\/\/mywandern.net\/wp-content\/uploads\/2021\/02\/IMG_5956-300x225.jpg 300w, https:\/\/mywandern.net\/wp-content\/uploads\/2021\/02\/IMG_5956-768x576.jpg 768w, https:\/\/mywandern.net\/wp-content\/uploads\/2021\/02\/IMG_5956-80x60.jpg 80w\" sizes=\"auto, (max-width: 1024px) 100vw, 1024px\" \/><\/a><\/figure><\/li><li class=\"blocks-gallery-item\"><figure><a href=\"https:\/\/mywandern.net\/wp-content\/uploads\/2021\/02\/IMG_5957.jpg\"><img loading=\"lazy\" decoding=\"async\" width=\"1024\" height=\"768\" src=\"https:\/\/mywandern.net\/wp-content\/uploads\/2021\/02\/IMG_5957.jpg\" alt=\"\" data-id=\"1366\" data-link=\"https:\/\/mywandern.net\/index.php\/2021\/02\/15\/von-alchen-in-die-trupacher-heide\/img_5957\/\" class=\"wp-image-1366\" srcset=\"https:\/\/mywandern.net\/wp-content\/uploads\/2021\/02\/IMG_5957.jpg 1024w, https:\/\/mywandern.net\/wp-content\/uploads\/2021\/02\/IMG_5957-300x225.jpg 300w, https:\/\/mywandern.net\/wp-content\/uploads\/2021\/02\/IMG_5957-768x576.jpg 768w, https:\/\/mywandern.net\/wp-content\/uploads\/2021\/02\/IMG_5957-80x60.jpg 80w\" sizes=\"auto, (max-width: 1024px) 100vw, 1024px\" \/><\/a><\/figure><\/li><li class=\"blocks-gallery-item\"><figure><a href=\"https:\/\/mywandern.net\/wp-content\/uploads\/2021\/02\/IMG_5958.jpg\"><img loading=\"lazy\" decoding=\"async\" width=\"1024\" height=\"768\" src=\"https:\/\/mywandern.net\/wp-content\/uploads\/2021\/02\/IMG_5958.jpg\" alt=\"\" data-id=\"1367\" data-link=\"https:\/\/mywandern.net\/index.php\/2021\/02\/15\/von-alchen-in-die-trupacher-heide\/img_5958\/\" class=\"wp-image-1367\" srcset=\"https:\/\/mywandern.net\/wp-content\/uploads\/2021\/02\/IMG_5958.jpg 1024w, https:\/\/mywandern.net\/wp-content\/uploads\/2021\/02\/IMG_5958-300x225.jpg 300w, https:\/\/mywandern.net\/wp-content\/uploads\/2021\/02\/IMG_5958-768x576.jpg 768w, https:\/\/mywandern.net\/wp-content\/uploads\/2021\/02\/IMG_5958-80x60.jpg 80w\" sizes=\"auto, (max-width: 1024px) 100vw, 1024px\" \/><\/a><\/figure><\/li><li class=\"blocks-gallery-item\"><figure><a href=\"https:\/\/mywandern.net\/wp-content\/uploads\/2021\/02\/IMG_5959.jpg\"><img loading=\"lazy\" decoding=\"async\" width=\"1024\" height=\"768\" src=\"https:\/\/mywandern.net\/wp-content\/uploads\/2021\/02\/IMG_5959.jpg\" alt=\"\" data-id=\"1368\" data-link=\"https:\/\/mywandern.net\/index.php\/2021\/02\/15\/von-alchen-in-die-trupacher-heide\/img_5959\/\" class=\"wp-image-1368\" srcset=\"https:\/\/mywandern.net\/wp-content\/uploads\/2021\/02\/IMG_5959.jpg 1024w, https:\/\/mywandern.net\/wp-content\/uploads\/2021\/02\/IMG_5959-300x225.jpg 300w, https:\/\/mywandern.net\/wp-content\/uploads\/2021\/02\/IMG_5959-768x576.jpg 768w, https:\/\/mywandern.net\/wp-content\/uploads\/2021\/02\/IMG_5959-80x60.jpg 80w\" sizes=\"auto, (max-width: 1024px) 100vw, 1024px\" \/><\/a><\/figure><\/li><li class=\"blocks-gallery-item\"><figure><a href=\"https:\/\/mywandern.net\/wp-content\/uploads\/2021\/02\/IMG_5960.jpg\"><img loading=\"lazy\" decoding=\"async\" width=\"1024\" height=\"768\" src=\"https:\/\/mywandern.net\/wp-content\/uploads\/2021\/02\/IMG_5960.jpg\" alt=\"\" data-id=\"1369\" data-link=\"https:\/\/mywandern.net\/index.php\/2021\/02\/15\/von-alchen-in-die-trupacher-heide\/img_5960\/\" class=\"wp-image-1369\" srcset=\"https:\/\/mywandern.net\/wp-content\/uploads\/2021\/02\/IMG_5960.jpg 1024w, https:\/\/mywandern.net\/wp-content\/uploads\/2021\/02\/IMG_5960-300x225.jpg 300w, https:\/\/mywandern.net\/wp-content\/uploads\/2021\/02\/IMG_5960-768x576.jpg 768w, https:\/\/mywandern.net\/wp-content\/uploads\/2021\/02\/IMG_5960-80x60.jpg 80w\" sizes=\"auto, (max-width: 1024px) 100vw, 1024px\" \/><\/a><\/figure><\/li><li class=\"blocks-gallery-item\"><figure><a href=\"https:\/\/mywandern.net\/wp-content\/uploads\/2021\/02\/IMG_5961.jpg\"><img loading=\"lazy\" decoding=\"async\" width=\"1024\" height=\"768\" src=\"https:\/\/mywandern.net\/wp-content\/uploads\/2021\/02\/IMG_5961.jpg\" alt=\"\" data-id=\"1370\" data-link=\"https:\/\/mywandern.net\/index.php\/2021\/02\/15\/von-alchen-in-die-trupacher-heide\/img_5961\/\" class=\"wp-image-1370\" srcset=\"https:\/\/mywandern.net\/wp-content\/uploads\/2021\/02\/IMG_5961.jpg 1024w, https:\/\/mywandern.net\/wp-content\/uploads\/2021\/02\/IMG_5961-300x225.jpg 300w, https:\/\/mywandern.net\/wp-content\/uploads\/2021\/02\/IMG_5961-768x576.jpg 768w, https:\/\/mywandern.net\/wp-content\/uploads\/2021\/02\/IMG_5961-80x60.jpg 80w\" sizes=\"auto, (max-width: 1024px) 100vw, 1024px\" \/><\/a><\/figure><\/li><li class=\"blocks-gallery-item\"><figure><a href=\"https:\/\/mywandern.net\/wp-content\/uploads\/2021\/02\/IMG_5962.jpg\"><img loading=\"lazy\" decoding=\"async\" width=\"1024\" height=\"768\" src=\"https:\/\/mywandern.net\/wp-content\/uploads\/2021\/02\/IMG_5962.jpg\" alt=\"\" data-id=\"1371\" data-link=\"https:\/\/mywandern.net\/index.php\/2021\/02\/15\/von-alchen-in-die-trupacher-heide\/img_5962\/\" class=\"wp-image-1371\" srcset=\"https:\/\/mywandern.net\/wp-content\/uploads\/2021\/02\/IMG_5962.jpg 1024w, https:\/\/mywandern.net\/wp-content\/uploads\/2021\/02\/IMG_5962-300x225.jpg 300w, https:\/\/mywandern.net\/wp-content\/uploads\/2021\/02\/IMG_5962-768x576.jpg 768w, https:\/\/mywandern.net\/wp-content\/uploads\/2021\/02\/IMG_5962-80x60.jpg 80w\" sizes=\"auto, (max-width: 1024px) 100vw, 1024px\" \/><\/a><\/figure><\/li><li class=\"blocks-gallery-item\"><figure><a href=\"https:\/\/mywandern.net\/wp-content\/uploads\/2021\/02\/IMG_5963.jpg\"><img loading=\"lazy\" decoding=\"async\" width=\"1024\" height=\"768\" src=\"https:\/\/mywandern.net\/wp-content\/uploads\/2021\/02\/IMG_5963.jpg\" alt=\"\" data-id=\"1372\" data-link=\"https:\/\/mywandern.net\/index.php\/2021\/02\/15\/von-alchen-in-die-trupacher-heide\/img_5963\/\" class=\"wp-image-1372\" srcset=\"https:\/\/mywandern.net\/wp-content\/uploads\/2021\/02\/IMG_5963.jpg 1024w, https:\/\/mywandern.net\/wp-content\/uploads\/2021\/02\/IMG_5963-300x225.jpg 300w, https:\/\/mywandern.net\/wp-content\/uploads\/2021\/02\/IMG_5963-768x576.jpg 768w, https:\/\/mywandern.net\/wp-content\/uploads\/2021\/02\/IMG_5963-80x60.jpg 80w\" sizes=\"auto, (max-width: 1024px) 100vw, 1024px\" \/><\/a><\/figure><\/li><li class=\"blocks-gallery-item\"><figure><a href=\"https:\/\/mywandern.net\/wp-content\/uploads\/2021\/02\/IMG_5964.jpg\"><img loading=\"lazy\" decoding=\"async\" width=\"1024\" height=\"768\" src=\"https:\/\/mywandern.net\/wp-content\/uploads\/2021\/02\/IMG_5964.jpg\" alt=\"\" data-id=\"1373\" data-link=\"https:\/\/mywandern.net\/index.php\/2021\/02\/15\/von-alchen-in-die-trupacher-heide\/img_5964\/\" class=\"wp-image-1373\" srcset=\"https:\/\/mywandern.net\/wp-content\/uploads\/2021\/02\/IMG_5964.jpg 1024w, https:\/\/mywandern.net\/wp-content\/uploads\/2021\/02\/IMG_5964-300x225.jpg 300w, https:\/\/mywandern.net\/wp-content\/uploads\/2021\/02\/IMG_5964-768x576.jpg 768w, https:\/\/mywandern.net\/wp-content\/uploads\/2021\/02\/IMG_5964-80x60.jpg 80w\" sizes=\"auto, (max-width: 1024px) 100vw, 1024px\" \/><\/a><\/figure><\/li><li class=\"blocks-gallery-item\"><figure><a href=\"https:\/\/mywandern.net\/wp-content\/uploads\/2021\/02\/IMG_5965.jpg\"><img loading=\"lazy\" decoding=\"async\" width=\"1024\" height=\"768\" src=\"https:\/\/mywandern.net\/wp-content\/uploads\/2021\/02\/IMG_5965.jpg\" alt=\"\" data-id=\"1374\" data-link=\"https:\/\/mywandern.net\/index.php\/2021\/02\/15\/von-alchen-in-die-trupacher-heide\/img_5965\/\" class=\"wp-image-1374\" srcset=\"https:\/\/mywandern.net\/wp-content\/uploads\/2021\/02\/IMG_5965.jpg 1024w, https:\/\/mywandern.net\/wp-content\/uploads\/2021\/02\/IMG_5965-300x225.jpg 300w, https:\/\/mywandern.net\/wp-content\/uploads\/2021\/02\/IMG_5965-768x576.jpg 768w, https:\/\/mywandern.net\/wp-content\/uploads\/2021\/02\/IMG_5965-80x60.jpg 80w\" sizes=\"auto, (max-width: 1024px) 100vw, 1024px\" \/><\/a><\/figure><\/li><li class=\"blocks-gallery-item\"><figure><a href=\"https:\/\/mywandern.net\/wp-content\/uploads\/2021\/02\/IMG_5966.jpg\"><img loading=\"lazy\" decoding=\"async\" width=\"1024\" height=\"768\" src=\"https:\/\/mywandern.net\/wp-content\/uploads\/2021\/02\/IMG_5966.jpg\" alt=\"\" data-id=\"1375\" data-link=\"https:\/\/mywandern.net\/index.php\/2021\/02\/15\/von-alchen-in-die-trupacher-heide\/img_5966\/\" class=\"wp-image-1375\" srcset=\"https:\/\/mywandern.net\/wp-content\/uploads\/2021\/02\/IMG_5966.jpg 1024w, https:\/\/mywandern.net\/wp-content\/uploads\/2021\/02\/IMG_5966-300x225.jpg 300w, https:\/\/mywandern.net\/wp-content\/uploads\/2021\/02\/IMG_5966-768x576.jpg 768w, https:\/\/mywandern.net\/wp-content\/uploads\/2021\/02\/IMG_5966-80x60.jpg 80w\" sizes=\"auto, (max-width: 1024px) 100vw, 1024px\" \/><\/a><\/figure><\/li><li class=\"blocks-gallery-item\"><figure><a href=\"https:\/\/mywandern.net\/wp-content\/uploads\/2021\/02\/IMG_5967.jpg\"><img loading=\"lazy\" decoding=\"async\" width=\"1024\" height=\"768\" src=\"https:\/\/mywandern.net\/wp-content\/uploads\/2021\/02\/IMG_5967.jpg\" alt=\"\" data-id=\"1376\" data-link=\"https:\/\/mywandern.net\/index.php\/2021\/02\/15\/von-alchen-in-die-trupacher-heide\/img_5967\/\" class=\"wp-image-1376\" srcset=\"https:\/\/mywandern.net\/wp-content\/uploads\/2021\/02\/IMG_5967.jpg 1024w, https:\/\/mywandern.net\/wp-content\/uploads\/2021\/02\/IMG_5967-300x225.jpg 300w, https:\/\/mywandern.net\/wp-content\/uploads\/2021\/02\/IMG_5967-768x576.jpg 768w, https:\/\/mywandern.net\/wp-content\/uploads\/2021\/02\/IMG_5967-80x60.jpg 80w\" sizes=\"auto, (max-width: 1024px) 100vw, 1024px\" \/><\/a><\/figure><\/li><li class=\"blocks-gallery-item\"><figure><a href=\"https:\/\/mywandern.net\/wp-content\/uploads\/2021\/02\/IMG_5968.jpg\"><img loading=\"lazy\" decoding=\"async\" width=\"1024\" height=\"768\" src=\"https:\/\/mywandern.net\/wp-content\/uploads\/2021\/02\/IMG_5968.jpg\" alt=\"\" data-id=\"1377\" data-link=\"https:\/\/mywandern.net\/index.php\/2021\/02\/15\/von-alchen-in-die-trupacher-heide\/img_5968\/\" class=\"wp-image-1377\" srcset=\"https:\/\/mywandern.net\/wp-content\/uploads\/2021\/02\/IMG_5968.jpg 1024w, https:\/\/mywandern.net\/wp-content\/uploads\/2021\/02\/IMG_5968-300x225.jpg 300w, https:\/\/mywandern.net\/wp-content\/uploads\/2021\/02\/IMG_5968-768x576.jpg 768w, https:\/\/mywandern.net\/wp-content\/uploads\/2021\/02\/IMG_5968-80x60.jpg 80w\" sizes=\"auto, (max-width: 1024px) 100vw, 1024px\" \/><\/a><\/figure><\/li><li class=\"blocks-gallery-item\"><figure><a href=\"https:\/\/mywandern.net\/wp-content\/uploads\/2021\/02\/IMG_5969.jpg\"><img loading=\"lazy\" decoding=\"async\" width=\"1024\" height=\"768\" src=\"https:\/\/mywandern.net\/wp-content\/uploads\/2021\/02\/IMG_5969.jpg\" alt=\"\" data-id=\"1378\" data-link=\"https:\/\/mywandern.net\/index.php\/2021\/02\/15\/von-alchen-in-die-trupacher-heide\/img_5969\/\" class=\"wp-image-1378\" srcset=\"https:\/\/mywandern.net\/wp-content\/uploads\/2021\/02\/IMG_5969.jpg 1024w, https:\/\/mywandern.net\/wp-content\/uploads\/2021\/02\/IMG_5969-300x225.jpg 300w, https:\/\/mywandern.net\/wp-content\/uploads\/2021\/02\/IMG_5969-768x576.jpg 768w, https:\/\/mywandern.net\/wp-content\/uploads\/2021\/02\/IMG_5969-80x60.jpg 80w\" sizes=\"auto, (max-width: 1024px) 100vw, 1024px\" \/><\/a><\/figure><\/li><li class=\"blocks-gallery-item\"><figure><a href=\"https:\/\/mywandern.net\/wp-content\/uploads\/2021\/02\/IMG_5971.jpg\"><img loading=\"lazy\" decoding=\"async\" width=\"1024\" height=\"768\" src=\"https:\/\/mywandern.net\/wp-content\/uploads\/2021\/02\/IMG_5971.jpg\" alt=\"\" data-id=\"1380\" data-link=\"https:\/\/mywandern.net\/index.php\/2021\/02\/15\/von-alchen-in-die-trupacher-heide\/img_5971\/\" class=\"wp-image-1380\" srcset=\"https:\/\/mywandern.net\/wp-content\/uploads\/2021\/02\/IMG_5971.jpg 1024w, https:\/\/mywandern.net\/wp-content\/uploads\/2021\/02\/IMG_5971-300x225.jpg 300w, https:\/\/mywandern.net\/wp-content\/uploads\/2021\/02\/IMG_5971-768x576.jpg 768w, https:\/\/mywandern.net\/wp-content\/uploads\/2021\/02\/IMG_5971-80x60.jpg 80w\" sizes=\"auto, (max-width: 1024px) 100vw, 1024px\" \/><\/a><\/figure><\/li><li class=\"blocks-gallery-item\"><figure><a href=\"https:\/\/mywandern.net\/wp-content\/uploads\/2021\/02\/e608c654-e18c-48d5-a332-a17adcca111b.jpg\"><img loading=\"lazy\" decoding=\"async\" width=\"768\" height=\"1024\" src=\"https:\/\/mywandern.net\/wp-content\/uploads\/2021\/02\/e608c654-e18c-48d5-a332-a17adcca111b.jpg\" alt=\"\" data-id=\"1392\" data-full-url=\"https:\/\/mywandern.net\/wp-content\/uploads\/2021\/02\/e608c654-e18c-48d5-a332-a17adcca111b.jpg\" data-link=\"https:\/\/mywandern.net\/index.php\/2021\/02\/15\/von-alchen-in-die-trupacher-heide\/e608c654-e18c-48d5-a332-a17adcca111b\/\" class=\"wp-image-1392\" srcset=\"https:\/\/mywandern.net\/wp-content\/uploads\/2021\/02\/e608c654-e18c-48d5-a332-a17adcca111b.jpg 768w, https:\/\/mywandern.net\/wp-content\/uploads\/2021\/02\/e608c654-e18c-48d5-a332-a17adcca111b-225x300.jpg 225w, https:\/\/mywandern.net\/wp-content\/uploads\/2021\/02\/e608c654-e18c-48d5-a332-a17adcca111b-45x60.jpg 45w\" sizes=\"auto, (max-width: 768px) 100vw, 768px\" \/><\/a><\/figure><\/li><li class=\"blocks-gallery-item\"><figure><a href=\"https:\/\/mywandern.net\/wp-content\/uploads\/2021\/02\/IMG_5972.jpg\"><img loading=\"lazy\" decoding=\"async\" width=\"1024\" height=\"768\" src=\"https:\/\/mywandern.net\/wp-content\/uploads\/2021\/02\/IMG_5972.jpg\" alt=\"\" data-id=\"1381\" data-link=\"https:\/\/mywandern.net\/index.php\/2021\/02\/15\/von-alchen-in-die-trupacher-heide\/img_5972\/\" class=\"wp-image-1381\" srcset=\"https:\/\/mywandern.net\/wp-content\/uploads\/2021\/02\/IMG_5972.jpg 1024w, https:\/\/mywandern.net\/wp-content\/uploads\/2021\/02\/IMG_5972-300x225.jpg 300w, https:\/\/mywandern.net\/wp-content\/uploads\/2021\/02\/IMG_5972-768x576.jpg 768w, https:\/\/mywandern.net\/wp-content\/uploads\/2021\/02\/IMG_5972-80x60.jpg 80w\" sizes=\"auto, (max-width: 1024px) 100vw, 1024px\" \/><\/a><\/figure><\/li><li class=\"blocks-gallery-item\"><figure><a href=\"https:\/\/mywandern.net\/wp-content\/uploads\/2021\/02\/IMG_5973.jpg\"><img loading=\"lazy\" decoding=\"async\" width=\"1024\" height=\"768\" src=\"https:\/\/mywandern.net\/wp-content\/uploads\/2021\/02\/IMG_5973.jpg\" alt=\"\" data-id=\"1382\" data-link=\"https:\/\/mywandern.net\/index.php\/2021\/02\/15\/von-alchen-in-die-trupacher-heide\/img_5973\/\" class=\"wp-image-1382\" srcset=\"https:\/\/mywandern.net\/wp-content\/uploads\/2021\/02\/IMG_5973.jpg 1024w, https:\/\/mywandern.net\/wp-content\/uploads\/2021\/02\/IMG_5973-300x225.jpg 300w, https:\/\/mywandern.net\/wp-content\/uploads\/2021\/02\/IMG_5973-768x576.jpg 768w, https:\/\/mywandern.net\/wp-content\/uploads\/2021\/02\/IMG_5973-80x60.jpg 80w\" sizes=\"auto, (max-width: 1024px) 100vw, 1024px\" \/><\/a><\/figure><\/li><li class=\"blocks-gallery-item\"><figure><a href=\"https:\/\/mywandern.net\/wp-content\/uploads\/2021\/02\/IMG_5974.jpg\"><img loading=\"lazy\" decoding=\"async\" width=\"1024\" height=\"768\" src=\"https:\/\/mywandern.net\/wp-content\/uploads\/2021\/02\/IMG_5974.jpg\" alt=\"\" data-id=\"1383\" data-link=\"https:\/\/mywandern.net\/index.php\/2021\/02\/15\/von-alchen-in-die-trupacher-heide\/img_5974\/\" class=\"wp-image-1383\" srcset=\"https:\/\/mywandern.net\/wp-content\/uploads\/2021\/02\/IMG_5974.jpg 1024w, https:\/\/mywandern.net\/wp-content\/uploads\/2021\/02\/IMG_5974-300x225.jpg 300w, https:\/\/mywandern.net\/wp-content\/uploads\/2021\/02\/IMG_5974-768x576.jpg 768w, https:\/\/mywandern.net\/wp-content\/uploads\/2021\/02\/IMG_5974-80x60.jpg 80w\" sizes=\"auto, (max-width: 1024px) 100vw, 1024px\" \/><\/a><\/figure><\/li><li class=\"blocks-gallery-item\"><figure><a href=\"https:\/\/mywandern.net\/wp-content\/uploads\/2021\/02\/IMG_5975.jpg\"><img loading=\"lazy\" decoding=\"async\" width=\"1024\" height=\"768\" src=\"https:\/\/mywandern.net\/wp-content\/uploads\/2021\/02\/IMG_5975.jpg\" alt=\"\" data-id=\"1384\" data-link=\"https:\/\/mywandern.net\/index.php\/2021\/02\/15\/von-alchen-in-die-trupacher-heide\/img_5975\/\" class=\"wp-image-1384\" srcset=\"https:\/\/mywandern.net\/wp-content\/uploads\/2021\/02\/IMG_5975.jpg 1024w, https:\/\/mywandern.net\/wp-content\/uploads\/2021\/02\/IMG_5975-300x225.jpg 300w, https:\/\/mywandern.net\/wp-content\/uploads\/2021\/02\/IMG_5975-768x576.jpg 768w, https:\/\/mywandern.net\/wp-content\/uploads\/2021\/02\/IMG_5975-80x60.jpg 80w\" sizes=\"auto, (max-width: 1024px) 100vw, 1024px\" \/><\/a><\/figure><\/li><li class=\"blocks-gallery-item\"><figure><a href=\"https:\/\/mywandern.net\/wp-content\/uploads\/2021\/02\/IMG_5976-768x1024.jpg\"><img loading=\"lazy\" decoding=\"async\" width=\"768\" height=\"1024\" src=\"https:\/\/mywandern.net\/wp-content\/uploads\/2021\/02\/IMG_5976-768x1024.jpg\" alt=\"\" data-id=\"1385\" data-link=\"https:\/\/mywandern.net\/index.php\/2021\/02\/15\/von-alchen-in-die-trupacher-heide\/img_5976\/\" class=\"wp-image-1385\" srcset=\"https:\/\/mywandern.net\/wp-content\/uploads\/2021\/02\/IMG_5976-768x1024.jpg 768w, https:\/\/mywandern.net\/wp-content\/uploads\/2021\/02\/IMG_5976-225x300.jpg 225w, https:\/\/mywandern.net\/wp-content\/uploads\/2021\/02\/IMG_5976-45x60.jpg 45w, https:\/\/mywandern.net\/wp-content\/uploads\/2021\/02\/IMG_5976.jpg 1024w\" sizes=\"auto, (max-width: 768px) 100vw, 768px\" \/><\/a><\/figure><\/li><li class=\"blocks-gallery-item\"><figure><a href=\"https:\/\/mywandern.net\/wp-content\/uploads\/2021\/02\/IMG_5977.jpg\"><img loading=\"lazy\" decoding=\"async\" width=\"1024\" height=\"768\" src=\"https:\/\/mywandern.net\/wp-content\/uploads\/2021\/02\/IMG_5977.jpg\" alt=\"\" data-id=\"1386\" data-link=\"https:\/\/mywandern.net\/index.php\/2021\/02\/15\/von-alchen-in-die-trupacher-heide\/img_5977\/\" class=\"wp-image-1386\" srcset=\"https:\/\/mywandern.net\/wp-content\/uploads\/2021\/02\/IMG_5977.jpg 1024w, https:\/\/mywandern.net\/wp-content\/uploads\/2021\/02\/IMG_5977-300x225.jpg 300w, https:\/\/mywandern.net\/wp-content\/uploads\/2021\/02\/IMG_5977-768x576.jpg 768w, https:\/\/mywandern.net\/wp-content\/uploads\/2021\/02\/IMG_5977-80x60.jpg 80w\" sizes=\"auto, (max-width: 1024px) 100vw, 1024px\" \/><\/a><\/figure><\/li><\/ul><\/figure>\n<\/div><\/div>\n\n\n\n<p><\/p>\n","protected":false},"excerpt":{"rendered":"<p>Abwechslungsreiche Rundwanderung mit sch\u00f6nen Weitblicken ins Siegerland und einem au\u00dfergew\u00f6hnlichen Naturraum in der Trupbacher Heide. Start ist am Ortsrand von Alchen, am dortigen Fu\u00dfballplatz. Der Ort wird auf sch\u00f6nen Wegen zur H\u00e4lfte umrundet. \u00dcber den Zimmert f\u00fchrt die Wanderung nun in die Trupbacher Heide. In einem weiten Bogen geht es oberhalb von Trupbach durch das &hellip; <\/p>\n","protected":false},"author":2,"featured_media":1377,"comment_status":"open","ping_status":"open","sticky":false,"template":"","format":"standard","meta":{"footnotes":""},"categories":[2],"tags":[],"class_list":["post-1343","post","type-post","status-publish","format-standard","has-post-thumbnail","hentry","category-wanderungen"],"_links":{"self":[{"href":"https:\/\/mywandern.net\/index.php\/wp-json\/wp\/v2\/posts\/1343","targetHints":{"allow":["GET"]}}],"collection":[{"href":"https:\/\/mywandern.net\/index.php\/wp-json\/wp\/v2\/posts"}],"about":[{"href":"https:\/\/mywandern.net\/index.php\/wp-json\/wp\/v2\/types\/post"}],"author":[{"embeddable":true,"href":"https:\/\/mywandern.net\/index.php\/wp-json\/wp\/v2\/users\/2"}],"replies":[{"embeddable":true,"href":"https:\/\/mywandern.net\/index.php\/wp-json\/wp\/v2\/comments?post=1343"}],"version-history":[{"count":6,"href":"https:\/\/mywandern.net\/index.php\/wp-json\/wp\/v2\/posts\/1343\/revisions"}],"predecessor-version":[{"id":1681,"href":"https:\/\/mywandern.net\/index.php\/wp-json\/wp\/v2\/posts\/1343\/revisions\/1681"}],"wp:featuredmedia":[{"embeddable":true,"href":"https:\/\/mywandern.net\/index.php\/wp-json\/wp\/v2\/media\/1377"}],"wp:attachment":[{"href":"https:\/\/mywandern.net\/index.php\/wp-json\/wp\/v2\/media?parent=1343"}],"wp:term":[{"taxonomy":"category","embeddable":true,"href":"https:\/\/mywandern.net\/index.php\/wp-json\/wp\/v2\/categories?post=1343"},{"taxonomy":"post_tag","embeddable":true,"href":"https:\/\/mywandern.net\/index.php\/wp-json\/wp\/v2\/tags?post=1343"}],"curies":[{"name":"wp","href":"https:\/\/api.w.org\/{rel}","templated":true}]}}